{"id":10113,"date":"2023-11-23T21:20:46","date_gmt":"2023-11-23T19:20:46","guid":{"rendered":"https:\/\/vtest1.college-lapierre.fr\/?p=10113"},"modified":"2023-11-28T20:16:06","modified_gmt":"2023-11-28T18:16:06","slug":"aidez-le-projet-sejours-a-bruxelles-partagez-le-lien-vers-la-trousse-a-projets","status":"publish","type":"post","link":"https:\/\/vtest1.college-lapierre.fr\/?p=10113","title":{"rendered":"Aidez le projet S\u00e9jours \u00e0 Bruxelles : partagez le lien vers la Trousse \u00e0 projets"},"content":{"rendered":"<style>\/*! elementor - v3.17.0 - 08-11-2023 *\/\n.elementor-widget-image{text-align:center}.elementor-widget-image a{display:inline-block}.elementor-widget-image a img[src$=\".svg\"]{width:48px}.elementor-widget-image img{vertical-align:middle;display:inline-block}<\/style>\t\t\t\t\t\t\t\t\t\t\t\t<img loading=\"lazy\" decoding=\"async\" width=\"650\" height=\"360\" src=\"https:\/\/vtest1.college-lapierre.fr\/wp-content\/uploads\/2023\/11\/11028343.webp\" alt=\"\" srcset=\"https:\/\/vtest1.college-lapierre.fr\/wp-content\/uploads\/2023\/11\/11028343.webp 660w, https:\/\/vtest1.college-lapierre.fr\/wp-content\/uploads\/2023\/11\/11028343-300x166.webp 300w\" sizes=\"auto, (max-width: 650px) 100vw, 650px\" \/>\t\t\t\t\t\t\t\t\t\t\t\t\t\t\t\n\t\t\n<p>Bonjour,<\/p>\n\n\n<p>Parents, personnels, professeurs, \u00e9l\u00e8ves&#8230;<\/p>\n\n\n<p><strong>Vous pouvez nous aider<\/strong> pour financer le projet \u00ab\u00a0<strong><em>Dans la peau d&rsquo;une h\u00e9ro\u00efne\/d&rsquo;un h\u00e9ros de BD d&rsquo;Angoul\u00eame \u00e0 Bruxelles<\/em><\/strong>.\u00a0\u00bb<\/p>\n\n\n<p>Le projet a \u00e9t\u00e9 s\u00e9lectionn\u00e9 par <strong>La Trousse \u00e0 projets<\/strong> qui permet de lancer une cagnotte afin de financer des projets p\u00e9dagogiques ambitieux pour les \u00e9l\u00e8ves.<\/p>\n\n\n<p>Gr\u00e2ce au lien suivant, les entreprises et les particuliers pourront donner de l&rsquo;argent pour ce projet et ainsi diminuer la participation pour les \u00e9l\u00e8ves.<\/p>\n\n\n<p><strong>Les dons ouvrent droit \u00e0 une d\u00e9duction fiscale \u00e0 hauteur de :<\/strong><\/p>\n\n\n<ul class=\"wp-block-list\">\n<li><strong>60% du don effectu\u00e9 pour les entreprises (un don de 100\u20ac ne co\u00fbtera que 40\u20ac),<\/strong><\/li>\n\n\n<li><strong>66% du don effectu\u00e9 pour les particuliers (un don de 100\u20ac ne co\u00fbtera que 36\u20ac).<\/strong><\/li>\n<\/ul>\n\n\n<p><a href=\"https:\/\/trousseaprojets.fr\/projet\/7477-dans-la-peau-d-une-heroine-d-un-heros-de-bd-d-angouleme-a-bruxelles\">https:\/\/trousseaprojets.fr\/projet\/7477-dans-la-peau-d-une-heroine-d-un-heros-de-bd-d-angouleme-a-bruxelles<\/a><\/p>\n\n\n<p>Nous vous remercions pour le partage le plus large possible autour de vous de ce lien (entreprises, familles, proches, etc) et sur vos r\u00e9seaux sociaux pr\u00e9f\u00e9r\u00e9s. Nous comptons sur vous pour r\u00e9ussir \u00e0 obtenir l&rsquo;objectif fix\u00e9 par l&rsquo;\u00e9quipe.<\/p>\n\n\n<p>Pour toute information compl\u00e9mentaire, vous pouvez contacter le coll\u00e8ge Georges Lapierre (poste 4) ou nous \u00e9crire \u00e0 <a href=\"mailto:s.segpa@college-lapierre.fr\">s.segpa@college-lapierre.fr<\/a><\/p>\n\n\n<p>Pierre-Jean CABANEL<\/p>\n\n\n<p>pour l&rsquo;\u00e9quipe du projet \u00ab\u00a0<strong><em>Dans la peau d&rsquo;une h\u00e9ro\u00efne\/d&rsquo;un h\u00e9ros de BD d&rsquo;Angoul\u00eame \u00e0 Bruxelles<\/em><\/strong>.\u00a0\u00bb<\/p>\n","protected":false},"excerpt":{"rendered":"<p>Bonjour, Parents, personnels, professeurs, \u00e9l\u00e8ves&#8230; Vous pouvez nous aider pour financer le projet \u00ab\u00a0Dans la peau d&rsquo;une h\u00e9ro\u00efne\/d&rsquo;un h\u00e9ros de BD d&rsquo;Angoul\u00eame \u00e0 Bruxelles.\u00a0\u00bb Le projet a \u00e9t\u00e9 s\u00e9lectionn\u00e9 par La Trousse \u00e0 projets qui permet de lancer une cagnotte afin de financer des projets p\u00e9dagogiques ambitieux pour les \u00e9l\u00e8ves. Gr\u00e2ce au lien suivant, les&#8230;<\/p>\n<p class=\"more-link-wrap\"><a href=\"https:\/\/vtest1.college-lapierre.fr\/?p=10113\" class=\"more-link\">Read More<span class=\"screen-reader-text\"> &ldquo;Aidez le projet S\u00e9jours \u00e0 Bruxelles : partagez le lien vers la Trousse \u00e0 projets&rdquo;<\/span> &raquo;<\/a><\/p>\n","protected":false},"author":2,"featured_media":0,"comment_status":"open","ping_status":"open","sticky":true,"template":"","format":"standard","meta":{"footnotes":""},"categories":[42,39,40,41,23,54,38,19],"tags":[],"class_list":["post-10113","post","type-post","status-publish","format-standard","hentry","category-decouverte-professionnelle","category-education-artistique","category-francais","category-histoire-geographie-emc","category-langues-vivante","category-projets","category-pedagogie","category-segpa"],"_links":{"self":[{"href":"https:\/\/vtest1.college-lapierre.fr\/index.php?rest_route=\/wp\/v2\/posts\/10113","targetHints":{"allow":["GET"]}}],"collection":[{"href":"https:\/\/vtest1.college-lapierre.fr\/index.php?rest_route=\/wp\/v2\/posts"}],"about":[{"href":"https:\/\/vtest1.college-lapierre.fr\/index.php?rest_route=\/wp\/v2\/types\/post"}],"author":[{"embeddable":true,"href":"https:\/\/vtest1.college-lapierre.fr\/index.php?rest_route=\/wp\/v2\/users\/2"}],"replies":[{"embeddable":true,"href":"https:\/\/vtest1.college-lapierre.fr\/index.php?rest_route=%2Fwp%2Fv2%2Fcomments&post=10113"}],"version-history":[{"count":4,"href":"https:\/\/vtest1.college-lapierre.fr\/index.php?rest_route=\/wp\/v2\/posts\/10113\/revisions"}],"predecessor-version":[{"id":10134,"href":"https:\/\/vtest1.college-lapierre.fr\/index.php?rest_route=\/wp\/v2\/posts\/10113\/revisions\/10134"}],"wp:attachment":[{"href":"https:\/\/vtest1.college-lapierre.fr\/index.php?rest_route=%2Fwp%2Fv2%2Fmedia&parent=10113"}],"wp:term":[{"taxonomy":"category","embeddable":true,"href":"https:\/\/vtest1.college-lapierre.fr\/index.php?rest_route=%2Fwp%2Fv2%2Fcategories&post=10113"},{"taxonomy":"post_tag","embeddable":true,"href":"https:\/\/vtest1.college-lapierre.fr\/index.php?rest_route=%2Fwp%2Fv2%2Ftags&post=10113"}],"curies":[{"name":"wp","href":"https:\/\/api.w.org\/{rel}","templated":true}]}}