{"id":10387,"date":"2024-04-02T16:11:13","date_gmt":"2024-04-02T14:11:13","guid":{"rendered":"https:\/\/vtest1.college-lapierre.fr\/?p=10387"},"modified":"2024-04-29T10:00:17","modified_gmt":"2024-04-29T08:00:17","slug":"mise-a-jour-des-tarifs-de-restauration-scolaire","status":"publish","type":"post","link":"https:\/\/vtest1.college-lapierre.fr\/?p=10387","title":{"rendered":"Mise \u00e0 jour des tarifs de restauration scolaire"},"content":{"rendered":"\n<p>Une mise \u00e0 jour des tarifs de restauration scolaire a \u00e9t\u00e9 d\u00e9cid\u00e9e par d\u00e9lib\u00e9ration du 12 f\u00e9vrier 2024 du Conseil d\u00e9partemental \u00e0 effet du <strong>1er avril 2024.<\/strong><\/p>\n\n\n\n<p>Vous trouverez ci-dessous la lettre d&rsquo;information aux familles du Conseil d\u00e9partemental de la Gironde concernant cette modification des tarifs.<\/p>\n\n\n\n<figure class=\"wp-block-image size-large\"><img loading=\"lazy\" decoding=\"async\" width=\"724\" height=\"1024\" src=\"https:\/\/vtest1.college-lapierre.fr\/wp-content\/uploads\/2024\/04\/Tarifs-flyer-restauration-scolaire-au-01-avril-2024_1-724x1024.jpg\" alt=\"\" class=\"wp-image-10426\" srcset=\"https:\/\/vtest1.college-lapierre.fr\/wp-content\/uploads\/2024\/04\/Tarifs-flyer-restauration-scolaire-au-01-avril-2024_1-724x1024.jpg 724w, https:\/\/vtest1.college-lapierre.fr\/wp-content\/uploads\/2024\/04\/Tarifs-flyer-restauration-scolaire-au-01-avril-2024_1-212x300.jpg 212w, https:\/\/vtest1.college-lapierre.fr\/wp-content\/uploads\/2024\/04\/Tarifs-flyer-restauration-scolaire-au-01-avril-2024_1-768x1086.jpg 768w, https:\/\/vtest1.college-lapierre.fr\/wp-content\/uploads\/2024\/04\/Tarifs-flyer-restauration-scolaire-au-01-avril-2024_1.jpg 794w\" sizes=\"auto, (max-width: 724px) 100vw, 724px\" \/><\/figure>\n\n\n\n<p>Cordialement,<\/p>\n\n\n\n<p>L&rsquo;\u00e9quipe de Direction.<\/p>\n","protected":false},"excerpt":{"rendered":"<p>Une mise \u00e0 jour des tarifs de restauration scolaire a \u00e9t\u00e9 d\u00e9cid\u00e9e par d\u00e9lib\u00e9ration du 12 f\u00e9vrier 2024 du Conseil d\u00e9partemental \u00e0 effet du 1er avril 2024. Vous trouverez ci-dessous la lettre d&rsquo;information aux familles du Conseil d\u00e9partemental de la Gironde concernant cette modification des tarifs. Cordialement, L&rsquo;\u00e9quipe de Direction.<\/p>\n","protected":false},"author":2,"featured_media":10388,"comment_status":"open","ping_status":"open","sticky":false,"template":"","format":"standard","meta":{"footnotes":""},"categories":[52,12,47,24,4],"tags":[73,77,75,50,74,70],"class_list":["post-10387","post","type-post","status-publish","format-standard","has-post-thumbnail","hentry","category-gestion","category-le_college","category-menus","category-parents_d-eleves","category-vie-de-leleve","tag-cantine","tag-conseil-departemental","tag-demi-pension","tag-menus","tag-restaurant-scolaire","tag-restauration"],"_links":{"self":[{"href":"https:\/\/vtest1.college-lapierre.fr\/index.php?rest_route=\/wp\/v2\/posts\/10387","targetHints":{"allow":["GET"]}}],"collection":[{"href":"https:\/\/vtest1.college-lapierre.fr\/index.php?rest_route=\/wp\/v2\/posts"}],"about":[{"href":"https:\/\/vtest1.college-lapierre.fr\/index.php?rest_route=\/wp\/v2\/types\/post"}],"author":[{"embeddable":true,"href":"https:\/\/vtest1.college-lapierre.fr\/index.php?rest_route=\/wp\/v2\/users\/2"}],"replies":[{"embeddable":true,"href":"https:\/\/vtest1.college-lapierre.fr\/index.php?rest_route=%2Fwp%2Fv2%2Fcomments&post=10387"}],"version-history":[{"count":2,"href":"https:\/\/vtest1.college-lapierre.fr\/index.php?rest_route=\/wp\/v2\/posts\/10387\/revisions"}],"predecessor-version":[{"id":10427,"href":"https:\/\/vtest1.college-lapierre.fr\/index.php?rest_route=\/wp\/v2\/posts\/10387\/revisions\/10427"}],"wp:featuredmedia":[{"embeddable":true,"href":"https:\/\/vtest1.college-lapierre.fr\/index.php?rest_route=\/wp\/v2\/media\/10388"}],"wp:attachment":[{"href":"https:\/\/vtest1.college-lapierre.fr\/index.php?rest_route=%2Fwp%2Fv2%2Fmedia&parent=10387"}],"wp:term":[{"taxonomy":"category","embeddable":true,"href":"https:\/\/vtest1.college-lapierre.fr\/index.php?rest_route=%2Fwp%2Fv2%2Fcategories&post=10387"},{"taxonomy":"post_tag","embeddable":true,"href":"https:\/\/vtest1.college-lapierre.fr\/index.php?rest_route=%2Fwp%2Fv2%2Ftags&post=10387"}],"curies":[{"name":"wp","href":"https:\/\/api.w.org\/{rel}","templated":true}]}}