{"id":10410,"date":"2024-04-01T11:30:54","date_gmt":"2024-04-01T09:30:54","guid":{"rendered":"https:\/\/vtest1.college-lapierre.fr\/?p=10410"},"modified":"2024-04-10T11:32:52","modified_gmt":"2024-04-10T09:32:52","slug":"1er-marche-aux-livres-gratuits-le-succes-au-rendez-vous","status":"publish","type":"post","link":"https:\/\/vtest1.college-lapierre.fr\/?p=10410","title":{"rendered":"1er march\u00e9 aux livres gratuits : le succ\u00e8s au rendez-vous !"},"content":{"rendered":"\n<p>Le 1<sup>er<\/sup> march\u00e9 aux livres gratuits, organis\u00e9 par les professeurs de fran\u00e7ais et la documentaliste, s\u2019est tenu mardi 26 mars de 16h30 \u00e0 17h30. Les \u00e9l\u00e8ves sont venus nombreux pour trouver leur bonheur parmi le grand choix propos\u00e9&nbsp;: romans, BD, mangas, documentaires, livres de cuisine\u2026Ce moment convivial, accompagn\u00e9 d\u2019un go\u00fbter, a \u00e9t\u00e9 l\u2019occasion pour eux de feuilleter, d\u2019\u00e9changer entre eux ou avec les enseignants et de repartir avec de nouvelles lectures. Les \u00e9l\u00e8ves ont \u00e9t\u00e9 ravis de cette initiative et ont demand\u00e9 \u00e0 ce qu\u2019elle soit renouvel\u00e9e&nbsp;:<\/p>\n\n\n\n<p>\u00ab&nbsp;<em>G\u00e9nial, beaucoup de livres de genres diff\u00e9rents<\/em>&nbsp;\u00bb, Ayate<\/p>\n\n\n\n<p>\u00ab&nbsp;<em>Beaucoup de monde et tr\u00e8s bonne id\u00e9e le go\u00fbter<\/em>&nbsp;\u00bb, K\u00e9lyna<\/p>\n\n\n\n<p>\u00ab&nbsp;<em>\u00c7a fait plaisir, surtout pour les personnes qui aiment lire et n\u2019ont pas beaucoup d\u2019argent<\/em>&nbsp;\u00bb Tyna<\/p>\n\n\n\n<p>\u00ab&nbsp;<em>C\u2019est incroyable, on d\u00e9couvre des livres qu\u2019on ne conna\u00eet pas<\/em>&nbsp;\u00bb C\u00e9sar.<\/p>\n\n\n\n<p>\u00a0<strong>\u00ab\u00a0<\/strong><em>Faudrait faire cela plus souvent<\/em>\u00a0\u00bb Loujaine<strong>.<\/strong><\/p>\n\n\n\n<figure class=\"wp-block-image size-large\"><img loading=\"lazy\" decoding=\"async\" width=\"1024\" height=\"658\" src=\"https:\/\/vtest1.college-lapierre.fr\/wp-content\/uploads\/2024\/04\/photo-marche-livres-1024x658.jpg\" alt=\"\" class=\"wp-image-10383\" srcset=\"https:\/\/vtest1.college-lapierre.fr\/wp-content\/uploads\/2024\/04\/photo-marche-livres-1024x658.jpg 1024w, https:\/\/vtest1.college-lapierre.fr\/wp-content\/uploads\/2024\/04\/photo-marche-livres-300x193.jpg 300w, https:\/\/vtest1.college-lapierre.fr\/wp-content\/uploads\/2024\/04\/photo-marche-livres-768x493.jpg 768w, https:\/\/vtest1.college-lapierre.fr\/wp-content\/uploads\/2024\/04\/photo-marche-livres-1536x987.jpg 1536w, https:\/\/vtest1.college-lapierre.fr\/wp-content\/uploads\/2024\/04\/photo-marche-livres-2048x1316.jpg 2048w\" sizes=\"auto, (max-width: 1024px) 100vw, 1024px\" \/><\/figure>\n","protected":false},"excerpt":{"rendered":"<p>Le 1er march\u00e9 aux livres gratuits, organis\u00e9 par les professeurs de fran\u00e7ais et la documentaliste, s\u2019est tenu mardi 26 mars de 16h30 \u00e0 17h30. Les \u00e9l\u00e8ves sont venus nombreux pour trouver leur bonheur parmi le grand choix propos\u00e9&nbsp;: romans, BD, mangas, documentaires, livres de cuisine\u2026Ce moment convivial, accompagn\u00e9 d\u2019un go\u00fbter, a \u00e9t\u00e9 l\u2019occasion pour eux&#8230;<\/p>\n<p class=\"more-link-wrap\"><a href=\"https:\/\/vtest1.college-lapierre.fr\/?p=10410\" class=\"more-link\">Read More<span class=\"screen-reader-text\"> &ldquo;1er march\u00e9 aux livres gratuits : le succ\u00e8s au rendez-vous !&rdquo;<\/span> &raquo;<\/a><\/p>\n","protected":false},"author":73,"featured_media":10383,"comment_status":"open","ping_status":"open","sticky":false,"template":"","format":"standard","meta":{"footnotes":""},"categories":[40,54,38],"tags":[],"class_list":["post-10410","post","type-post","status-publish","format-standard","has-post-thumbnail","hentry","category-francais","category-projets","category-pedagogie"],"_links":{"self":[{"href":"https:\/\/vtest1.college-lapierre.fr\/index.php?rest_route=\/wp\/v2\/posts\/10410","targetHints":{"allow":["GET"]}}],"collection":[{"href":"https:\/\/vtest1.college-lapierre.fr\/index.php?rest_route=\/wp\/v2\/posts"}],"about":[{"href":"https:\/\/vtest1.college-lapierre.fr\/index.php?rest_route=\/wp\/v2\/types\/post"}],"author":[{"embeddable":true,"href":"https:\/\/vtest1.college-lapierre.fr\/index.php?rest_route=\/wp\/v2\/users\/73"}],"replies":[{"embeddable":true,"href":"https:\/\/vtest1.college-lapierre.fr\/index.php?rest_route=%2Fwp%2Fv2%2Fcomments&post=10410"}],"version-history":[{"count":1,"href":"https:\/\/vtest1.college-lapierre.fr\/index.php?rest_route=\/wp\/v2\/posts\/10410\/revisions"}],"predecessor-version":[{"id":10412,"href":"https:\/\/vtest1.college-lapierre.fr\/index.php?rest_route=\/wp\/v2\/posts\/10410\/revisions\/10412"}],"wp:featuredmedia":[{"embeddable":true,"href":"https:\/\/vtest1.college-lapierre.fr\/index.php?rest_route=\/wp\/v2\/media\/10383"}],"wp:attachment":[{"href":"https:\/\/vtest1.college-lapierre.fr\/index.php?rest_route=%2Fwp%2Fv2%2Fmedia&parent=10410"}],"wp:term":[{"taxonomy":"category","embeddable":true,"href":"https:\/\/vtest1.college-lapierre.fr\/index.php?rest_route=%2Fwp%2Fv2%2Fcategories&post=10410"},{"taxonomy":"post_tag","embeddable":true,"href":"https:\/\/vtest1.college-lapierre.fr\/index.php?rest_route=%2Fwp%2Fv2%2Ftags&post=10410"}],"curies":[{"name":"wp","href":"https:\/\/api.w.org\/{rel}","templated":true}]}}