{"id":10791,"date":"2024-09-07T15:09:05","date_gmt":"2024-09-07T13:09:05","guid":{"rendered":"https:\/\/vtest1.college-lapierre.fr\/?p=10791"},"modified":"2024-10-08T18:16:14","modified_gmt":"2024-10-08T16:16:14","slug":"choeur-de-lopera-national-de-bordeaux","status":"publish","type":"post","link":"https:\/\/vtest1.college-lapierre.fr\/?p=10791","title":{"rendered":"Choeur de l&rsquo;Op\u00e9ra national de Bordeaux"},"content":{"rendered":"\n<p>Cette ann\u00e9e, le coll\u00e8ge a c\u00e9l\u00e9br\u00e9 la rentr\u00e9e en musique avec un partenaire d&rsquo;exception : le choeur de l&rsquo;Op\u00e9ra national de Bordeaux, dirig\u00e9 par Salvatore Caputo, chef de choeur qui s&rsquo;est produit sur les sc\u00e8nes les plus prestigieuses du monde (Buenos Aires, Naples, San Francisco, Saint-P\u00e9tersbourg, Hong Kong, Toronto, Tokyo, etc.).<br><\/p>\n\n\n\n<figure class=\"wp-block-image size-large\"><img loading=\"lazy\" decoding=\"async\" width=\"1024\" height=\"478\" src=\"https:\/\/vtest1.college-lapierre.fr\/wp-content\/uploads\/2024\/09\/Choeur-de-haut-1024x478.jpg\" alt=\"\" class=\"wp-image-10792\" srcset=\"https:\/\/vtest1.college-lapierre.fr\/wp-content\/uploads\/2024\/09\/Choeur-de-haut-1024x478.jpg 1024w, https:\/\/vtest1.college-lapierre.fr\/wp-content\/uploads\/2024\/09\/Choeur-de-haut-300x140.jpg 300w, https:\/\/vtest1.college-lapierre.fr\/wp-content\/uploads\/2024\/09\/Choeur-de-haut-768x359.jpg 768w, https:\/\/vtest1.college-lapierre.fr\/wp-content\/uploads\/2024\/09\/Choeur-de-haut-1536x717.jpg 1536w, https:\/\/vtest1.college-lapierre.fr\/wp-content\/uploads\/2024\/09\/Choeur-de-haut.jpg 2000w\" sizes=\"auto, (max-width: 1024px) 100vw, 1024px\" \/><\/figure>\n\n\n\n<p>Environ 250 \u00e9l\u00e8ves, accompagn\u00e9s de leurs professeurs, ont pu d\u00e9couvrir des extraits, tir\u00e9s du r\u00e9pertoire lyrique d&rsquo;Offenbach, dans un contexte privil\u00e9gi\u00e9.<br><\/p>\n\n\n\n<figure class=\"wp-block-video\"><video height=\"478\" style=\"aspect-ratio: 848 \/ 478;\" width=\"848\" controls src=\"https:\/\/vtest1.college-lapierre.fr\/wp-content\/uploads\/2024\/09\/Video-de-haut.mov\"><\/video><\/figure>\n\n\n\n<p>Nous avons tous \u00e9t\u00e9 saisis par les voix du choeur : tant\u00f4t puissantes, tant\u00f4t cristallines. La clart\u00e9 des tessitures donne un relief particulier \u00e0 la polyphonie et contribue \u00e0 plonger les \u00e9l\u00e8ves dans un patrimoine musical inhabituel pour beaucoup. <br>Toutefois, le professionnalisme n&rsquo;a pas \u00e9t\u00e9 le seul mot d&rsquo;ordre de cette prestation : la jovialit\u00e9 s&rsquo;est, elle aussi, introduite. <br><\/p>\n\n\n\n<figure class=\"wp-block-gallery has-nested-images columns-default is-cropped wp-block-gallery-1 is-layout-flex wp-block-gallery-is-layout-flex\">\n<figure class=\"wp-block-image size-large\"><img loading=\"lazy\" decoding=\"async\" width=\"1024\" height=\"478\" data-id=\"10794\" src=\"https:\/\/vtest1.college-lapierre.fr\/wp-content\/uploads\/2024\/09\/Eleve-cheffe-de-choeur-1024x478.jpg\" alt=\"\" class=\"wp-image-10794\" srcset=\"https:\/\/vtest1.college-lapierre.fr\/wp-content\/uploads\/2024\/09\/Eleve-cheffe-de-choeur-1024x478.jpg 1024w, https:\/\/vtest1.college-lapierre.fr\/wp-content\/uploads\/2024\/09\/Eleve-cheffe-de-choeur-300x140.jpg 300w, https:\/\/vtest1.college-lapierre.fr\/wp-content\/uploads\/2024\/09\/Eleve-cheffe-de-choeur-768x359.jpg 768w, https:\/\/vtest1.college-lapierre.fr\/wp-content\/uploads\/2024\/09\/Eleve-cheffe-de-choeur-1536x717.jpg 1536w, https:\/\/vtest1.college-lapierre.fr\/wp-content\/uploads\/2024\/09\/Eleve-cheffe-de-choeur.jpg 2000w\" sizes=\"auto, (max-width: 1024px) 100vw, 1024px\" \/><\/figure>\n<\/figure>\n\n\n\n<p>Salvatore Caputo a naturellement fait participer le public, en invitant une \u00e9l\u00e8ve \u00e0 venir diriger le choeur&#8230; Un moment qu&rsquo;elle risque de ne pas oublier !  <br><\/p>\n\n\n\n<figure class=\"wp-block-video\"><video height=\"478\" style=\"aspect-ratio: 848 \/ 478;\" width=\"848\" controls src=\"https:\/\/vtest1.college-lapierre.fr\/wp-content\/uploads\/2024\/09\/Video-cheffe-de-choeur.mov\"><\/video><\/figure>\n\n\n\n<p>Nous le remercions chaleureusement, ainsi que tous les artistes du choeur et le pianiste accompagnateur. Cet \u00e9v\u00e8nement exceptionnel n&rsquo;aurait pas vu le jour sans la participation du service \u00e0 l&rsquo;\u00e9ducation artistique et culturelle de l&rsquo;Op\u00e9ra national de Bordeaux, \u00e0 qui nous adressons notre sinc\u00e8re reconnaissance.<\/p>\n\n\n\n<p><\/p>\n","protected":false},"excerpt":{"rendered":"<p>Cette ann\u00e9e, le coll\u00e8ge a c\u00e9l\u00e9br\u00e9 la rentr\u00e9e en musique avec un partenaire d&rsquo;exception : le choeur de l&rsquo;Op\u00e9ra national de Bordeaux, dirig\u00e9 par Salvatore Caputo, chef de choeur qui s&rsquo;est produit sur les sc\u00e8nes les plus prestigieuses du monde (Buenos Aires, Naples, San Francisco, Saint-P\u00e9tersbourg, Hong Kong, Toronto, Tokyo, etc.). Environ 250 \u00e9l\u00e8ves, accompagn\u00e9s&#8230;<\/p>\n<p class=\"more-link-wrap\"><a href=\"https:\/\/vtest1.college-lapierre.fr\/?p=10791\" class=\"more-link\">Read More<span class=\"screen-reader-text\"> &ldquo;Choeur de l&rsquo;Op\u00e9ra national de Bordeaux&rdquo;<\/span> &raquo;<\/a><\/p>\n","protected":false},"author":108,"featured_media":10792,"comment_status":"closed","ping_status":"open","sticky":false,"template":"","format":"standard","meta":{"footnotes":""},"categories":[39,12,1,38,46],"tags":[],"class_list":["post-10791","post","type-post","status-publish","format-standard","has-post-thumbnail","hentry","category-education-artistique","category-le_college","category-non-categorise","category-pedagogie","category-rentree-2025"],"_links":{"self":[{"href":"https:\/\/vtest1.college-lapierre.fr\/index.php?rest_route=\/wp\/v2\/posts\/10791","targetHints":{"allow":["GET"]}}],"collection":[{"href":"https:\/\/vtest1.college-lapierre.fr\/index.php?rest_route=\/wp\/v2\/posts"}],"about":[{"href":"https:\/\/vtest1.college-lapierre.fr\/index.php?rest_route=\/wp\/v2\/types\/post"}],"author":[{"embeddable":true,"href":"https:\/\/vtest1.college-lapierre.fr\/index.php?rest_route=\/wp\/v2\/users\/108"}],"replies":[{"embeddable":true,"href":"https:\/\/vtest1.college-lapierre.fr\/index.php?rest_route=%2Fwp%2Fv2%2Fcomments&post=10791"}],"version-history":[{"count":3,"href":"https:\/\/vtest1.college-lapierre.fr\/index.php?rest_route=\/wp\/v2\/posts\/10791\/revisions"}],"predecessor-version":[{"id":10798,"href":"https:\/\/vtest1.college-lapierre.fr\/index.php?rest_route=\/wp\/v2\/posts\/10791\/revisions\/10798"}],"wp:featuredmedia":[{"embeddable":true,"href":"https:\/\/vtest1.college-lapierre.fr\/index.php?rest_route=\/wp\/v2\/media\/10792"}],"wp:attachment":[{"href":"https:\/\/vtest1.college-lapierre.fr\/index.php?rest_route=%2Fwp%2Fv2%2Fmedia&parent=10791"}],"wp:term":[{"taxonomy":"category","embeddable":true,"href":"https:\/\/vtest1.college-lapierre.fr\/index.php?rest_route=%2Fwp%2Fv2%2Fcategories&post=10791"},{"taxonomy":"post_tag","embeddable":true,"href":"https:\/\/vtest1.college-lapierre.fr\/index.php?rest_route=%2Fwp%2Fv2%2Ftags&post=10791"}],"curies":[{"name":"wp","href":"https:\/\/api.w.org\/{rel}","templated":true}]}}