{"id":10904,"date":"2024-10-19T09:40:43","date_gmt":"2024-10-19T07:40:43","guid":{"rendered":"https:\/\/vtest1.college-lapierre.fr\/?p=10904"},"modified":"2024-11-19T12:00:20","modified_gmt":"2024-11-19T10:00:20","slug":"dia-de-la-hispanidad","status":"publish","type":"post","link":"https:\/\/vtest1.college-lapierre.fr\/?p=10904","title":{"rendered":"D\u00eda de la hispanidad"},"content":{"rendered":"\n<p>En cette mi-octobre, un affichage d\u00e9di\u00e9 au \u00a0\u00bb <strong>d\u00eda de la hispanidad<\/strong>\u00a0\u00bb a \u00e9t\u00e9 mis en place dans l&rsquo;agora. <\/p>\n\n\n\n<p>Une ouverture \u00e0 la culture et \u00e0 l&rsquo;Histoire pour ce jour tant\u00f4t appel\u00e9 \u00ab\u00a0jour de l&rsquo;hispanit\u00e9\u00a0\u00bb en Espagne mais \u00e9galement \u00ab\u00a0jour de la diversit\u00e9 culturelle am\u00e9ricaine\u00a0\u00bb, \u00ab\u00a0jour de la d\u00e9couverte des deux mondes\u00a0\u00bb ou encore \u00ab\u00a0jour de la r\u00e9sistance indig\u00e8ne\u00a0\u00bb outre Atlantique. <\/p>\n\n\n\n<p>Cette date, f\u00eate nationale sur la p\u00e9ninsule, correspond \u00e0 la d\u00e9couverte de l&rsquo;Am\u00e9rique par Christophe Colomb le<strong> 12 octobre 1492<\/strong>. Elle est c\u00e9l\u00e9br\u00e9e dans tous les pays de langue hispanique sous diff\u00e9rentes formes. <\/p>\n\n\n\n<p>Controvers\u00e9, certains pays utilisent ce rendez-vous comm\u00e9moratif pour revendiquer les droits des peuples et faire reconnaitre les d\u00e9rives de la colonisation. <\/p>\n\n\n\n<p>Certaines classes ont pu d\u00e9couvrir, gr\u00e2ce \u00e0 leur implication, un bout d&rsquo;Histoire et les civilisations pr\u00e9colombiennes telles que<strong> les Mayas, les Incas et les Azt\u00e8ques<\/strong>. <\/p>\n\n\n\n<p>\u00c9quip\u00e9s de leur livret de questions, ils ont pu lire, d\u00e9couvrir et comprendre la vie des peuples avant l&rsquo;arriv\u00e9e des espagnols et en apprendre davantage sur la conqu\u00eate. <\/p>\n\n\n\n<figure class=\"wp-block-image size-large\"><img loading=\"lazy\" decoding=\"async\" width=\"1024\" height=\"768\" src=\"https:\/\/vtest1.college-lapierre.fr\/wp-content\/uploads\/2024\/10\/IMG20241017160530-1024x768.jpg\" alt=\"\" class=\"wp-image-10906\" srcset=\"https:\/\/vtest1.college-lapierre.fr\/wp-content\/uploads\/2024\/10\/IMG20241017160530-1024x768.jpg 1024w, https:\/\/vtest1.college-lapierre.fr\/wp-content\/uploads\/2024\/10\/IMG20241017160530-300x225.jpg 300w, https:\/\/vtest1.college-lapierre.fr\/wp-content\/uploads\/2024\/10\/IMG20241017160530-768x576.jpg 768w, https:\/\/vtest1.college-lapierre.fr\/wp-content\/uploads\/2024\/10\/IMG20241017160530-1536x1152.jpg 1536w, https:\/\/vtest1.college-lapierre.fr\/wp-content\/uploads\/2024\/10\/IMG20241017160530-2048x1536.jpg 2048w\" sizes=\"auto, (max-width: 1024px) 100vw, 1024px\" \/><\/figure>\n\n\n\n<figure class=\"wp-block-image size-large\"><img loading=\"lazy\" decoding=\"async\" width=\"1024\" height=\"768\" src=\"https:\/\/vtest1.college-lapierre.fr\/wp-content\/uploads\/2024\/10\/IMG20241017160849-1024x768.jpg\" alt=\"\" class=\"wp-image-10907\" srcset=\"https:\/\/vtest1.college-lapierre.fr\/wp-content\/uploads\/2024\/10\/IMG20241017160849-1024x768.jpg 1024w, https:\/\/vtest1.college-lapierre.fr\/wp-content\/uploads\/2024\/10\/IMG20241017160849-300x225.jpg 300w, https:\/\/vtest1.college-lapierre.fr\/wp-content\/uploads\/2024\/10\/IMG20241017160849-768x576.jpg 768w, https:\/\/vtest1.college-lapierre.fr\/wp-content\/uploads\/2024\/10\/IMG20241017160849-1536x1152.jpg 1536w, https:\/\/vtest1.college-lapierre.fr\/wp-content\/uploads\/2024\/10\/IMG20241017160849-2048x1536.jpg 2048w\" sizes=\"auto, (max-width: 1024px) 100vw, 1024px\" \/><\/figure>\n","protected":false},"excerpt":{"rendered":"<p>En cette mi-octobre, un affichage d\u00e9di\u00e9 au \u00a0\u00bb d\u00eda de la hispanidad\u00a0\u00bb a \u00e9t\u00e9 mis en place dans l&rsquo;agora. Une ouverture \u00e0 la culture et \u00e0 l&rsquo;Histoire pour ce jour tant\u00f4t appel\u00e9 \u00ab\u00a0jour de l&rsquo;hispanit\u00e9\u00a0\u00bb en Espagne mais \u00e9galement \u00ab\u00a0jour de la diversit\u00e9 culturelle am\u00e9ricaine\u00a0\u00bb, \u00ab\u00a0jour de la d\u00e9couverte des deux mondes\u00a0\u00bb ou encore \u00ab\u00a0jour&#8230;<\/p>\n<p class=\"more-link-wrap\"><a href=\"https:\/\/vtest1.college-lapierre.fr\/?p=10904\" class=\"more-link\">Read More<span class=\"screen-reader-text\"> &ldquo;D\u00eda de la hispanidad&rdquo;<\/span> &raquo;<\/a><\/p>\n","protected":false},"author":157,"featured_media":10909,"comment_status":"open","ping_status":"open","sticky":false,"template":"","format":"standard","meta":{"footnotes":""},"categories":[23],"tags":[],"class_list":["post-10904","post","type-post","status-publish","format-standard","has-post-thumbnail","hentry","category-langues-vivante"],"_links":{"self":[{"href":"https:\/\/vtest1.college-lapierre.fr\/index.php?rest_route=\/wp\/v2\/posts\/10904","targetHints":{"allow":["GET"]}}],"collection":[{"href":"https:\/\/vtest1.college-lapierre.fr\/index.php?rest_route=\/wp\/v2\/posts"}],"about":[{"href":"https:\/\/vtest1.college-lapierre.fr\/index.php?rest_route=\/wp\/v2\/types\/post"}],"author":[{"embeddable":true,"href":"https:\/\/vtest1.college-lapierre.fr\/index.php?rest_route=\/wp\/v2\/users\/157"}],"replies":[{"embeddable":true,"href":"https:\/\/vtest1.college-lapierre.fr\/index.php?rest_route=%2Fwp%2Fv2%2Fcomments&post=10904"}],"version-history":[{"count":3,"href":"https:\/\/vtest1.college-lapierre.fr\/index.php?rest_route=\/wp\/v2\/posts\/10904\/revisions"}],"predecessor-version":[{"id":10910,"href":"https:\/\/vtest1.college-lapierre.fr\/index.php?rest_route=\/wp\/v2\/posts\/10904\/revisions\/10910"}],"wp:featuredmedia":[{"embeddable":true,"href":"https:\/\/vtest1.college-lapierre.fr\/index.php?rest_route=\/wp\/v2\/media\/10909"}],"wp:attachment":[{"href":"https:\/\/vtest1.college-lapierre.fr\/index.php?rest_route=%2Fwp%2Fv2%2Fmedia&parent=10904"}],"wp:term":[{"taxonomy":"category","embeddable":true,"href":"https:\/\/vtest1.college-lapierre.fr\/index.php?rest_route=%2Fwp%2Fv2%2Fcategories&post=10904"},{"taxonomy":"post_tag","embeddable":true,"href":"https:\/\/vtest1.college-lapierre.fr\/index.php?rest_route=%2Fwp%2Fv2%2Ftags&post=10904"}],"curies":[{"name":"wp","href":"https:\/\/api.w.org\/{rel}","templated":true}]}}