{"id":11029,"date":"2024-12-13T12:28:53","date_gmt":"2024-12-13T10:28:53","guid":{"rendered":"https:\/\/vtest1.college-lapierre.fr\/?p=11029"},"modified":"2024-12-13T09:44:17","modified_gmt":"2024-12-13T07:44:17","slug":"las-fiestas-se-invitan-en-el-aula-110","status":"publish","type":"post","link":"https:\/\/vtest1.college-lapierre.fr\/?p=11029","title":{"rendered":"Las fiestas se invitan en el aula 110"},"content":{"rendered":"\n<p>La magie de No\u00ebl s&rsquo;est invit\u00e9e en salle 110! Par un beau matin de d\u00e9cembre, la f\u00eate des morts avait laiss\u00e9 place aux guirlandes, sapin, lumi\u00e8res et autres d\u00e9corations! Avec l&rsquo;aide des lutins volontaires, la d\u00e9coration a m\u00eame pu \u00eatre agr\u00e9ment\u00e9e de coloriages et messages festifs! Je les en remercie!<\/p>\n\n\n\n<figure class=\"wp-block-image size-large\"><img loading=\"lazy\" decoding=\"async\" width=\"768\" height=\"1024\" src=\"https:\/\/vtest1.college-lapierre.fr\/wp-content\/uploads\/2024\/12\/IMG20241202093020_BURST000_COVER-768x1024.jpg\" alt=\"\" class=\"wp-image-11031\" srcset=\"https:\/\/vtest1.college-lapierre.fr\/wp-content\/uploads\/2024\/12\/IMG20241202093020_BURST000_COVER-768x1024.jpg 768w, https:\/\/vtest1.college-lapierre.fr\/wp-content\/uploads\/2024\/12\/IMG20241202093020_BURST000_COVER-225x300.jpg 225w, https:\/\/vtest1.college-lapierre.fr\/wp-content\/uploads\/2024\/12\/IMG20241202093020_BURST000_COVER-1152x1536.jpg 1152w, https:\/\/vtest1.college-lapierre.fr\/wp-content\/uploads\/2024\/12\/IMG20241202093020_BURST000_COVER-1536x2048.jpg 1536w, https:\/\/vtest1.college-lapierre.fr\/wp-content\/uploads\/2024\/12\/IMG20241202093020_BURST000_COVER-scaled.jpg 1920w\" sizes=\"auto, (max-width: 768px) 100vw, 768px\" \/><\/figure>\n\n\n\n<p>Outre la cr\u00e9ation d&rsquo;une ambiance chaleureuse et festive, nous avons pu aborder en classe les traditions de No\u00ebl en Espagne, d&rsquo;un point de vue culturel et apprendre du vocabulaire li\u00e9 \u00e0 la fin d&rsquo;ann\u00e9e, notamment gr\u00e2ce au calendrier de l&rsquo;avent qui nous d\u00e9voile chaque jour un mot, une expression, un virelangue ou un chant de no\u00ebl&#8230;<\/p>\n\n\n\n<figure class=\"wp-block-image size-large\"><img loading=\"lazy\" decoding=\"async\" width=\"768\" height=\"1024\" src=\"https:\/\/vtest1.college-lapierre.fr\/wp-content\/uploads\/2024\/12\/IMG20241202093044-768x1024.jpg\" alt=\"\" class=\"wp-image-11032\" srcset=\"https:\/\/vtest1.college-lapierre.fr\/wp-content\/uploads\/2024\/12\/IMG20241202093044-768x1024.jpg 768w, https:\/\/vtest1.college-lapierre.fr\/wp-content\/uploads\/2024\/12\/IMG20241202093044-225x300.jpg 225w, https:\/\/vtest1.college-lapierre.fr\/wp-content\/uploads\/2024\/12\/IMG20241202093044-1152x1536.jpg 1152w, https:\/\/vtest1.college-lapierre.fr\/wp-content\/uploads\/2024\/12\/IMG20241202093044-1536x2048.jpg 1536w, https:\/\/vtest1.college-lapierre.fr\/wp-content\/uploads\/2024\/12\/IMG20241202093044-scaled.jpg 1920w\" sizes=\"auto, (max-width: 768px) 100vw, 768px\" \/><\/figure>\n\n\n\n<figure class=\"wp-block-image size-large\"><img loading=\"lazy\" decoding=\"async\" width=\"768\" height=\"1024\" src=\"https:\/\/vtest1.college-lapierre.fr\/wp-content\/uploads\/2024\/12\/IMG20241202092959-768x1024.jpg\" alt=\"\" class=\"wp-image-11033\" srcset=\"https:\/\/vtest1.college-lapierre.fr\/wp-content\/uploads\/2024\/12\/IMG20241202092959-768x1024.jpg 768w, https:\/\/vtest1.college-lapierre.fr\/wp-content\/uploads\/2024\/12\/IMG20241202092959-225x300.jpg 225w, https:\/\/vtest1.college-lapierre.fr\/wp-content\/uploads\/2024\/12\/IMG20241202092959-1152x1536.jpg 1152w, https:\/\/vtest1.college-lapierre.fr\/wp-content\/uploads\/2024\/12\/IMG20241202092959-1536x2048.jpg 1536w, https:\/\/vtest1.college-lapierre.fr\/wp-content\/uploads\/2024\/12\/IMG20241202092959-scaled.jpg 1920w\" sizes=\"auto, (max-width: 768px) 100vw, 768px\" \/><\/figure>\n\n\n\n<figure class=\"wp-block-image size-large\"><img loading=\"lazy\" decoding=\"async\" width=\"768\" height=\"1024\" src=\"https:\/\/vtest1.college-lapierre.fr\/wp-content\/uploads\/2024\/12\/IMG20241202092950-768x1024.jpg\" alt=\"\" class=\"wp-image-11035\" srcset=\"https:\/\/vtest1.college-lapierre.fr\/wp-content\/uploads\/2024\/12\/IMG20241202092950-768x1024.jpg 768w, https:\/\/vtest1.college-lapierre.fr\/wp-content\/uploads\/2024\/12\/IMG20241202092950-225x300.jpg 225w, https:\/\/vtest1.college-lapierre.fr\/wp-content\/uploads\/2024\/12\/IMG20241202092950-1152x1536.jpg 1152w, https:\/\/vtest1.college-lapierre.fr\/wp-content\/uploads\/2024\/12\/IMG20241202092950-1536x2048.jpg 1536w, https:\/\/vtest1.college-lapierre.fr\/wp-content\/uploads\/2024\/12\/IMG20241202092950-scaled.jpg 1920w\" sizes=\"auto, (max-width: 768px) 100vw, 768px\" \/><\/figure>\n\n\n\n<p><\/p>\n\n\n\n<figure class=\"wp-block-image size-large\"><img loading=\"lazy\" decoding=\"async\" width=\"768\" height=\"1024\" src=\"https:\/\/vtest1.college-lapierre.fr\/wp-content\/uploads\/2024\/12\/IMG20241202093010-768x1024.jpg\" alt=\"\" class=\"wp-image-11036\" srcset=\"https:\/\/vtest1.college-lapierre.fr\/wp-content\/uploads\/2024\/12\/IMG20241202093010-768x1024.jpg 768w, https:\/\/vtest1.college-lapierre.fr\/wp-content\/uploads\/2024\/12\/IMG20241202093010-225x300.jpg 225w, https:\/\/vtest1.college-lapierre.fr\/wp-content\/uploads\/2024\/12\/IMG20241202093010-1152x1536.jpg 1152w, https:\/\/vtest1.college-lapierre.fr\/wp-content\/uploads\/2024\/12\/IMG20241202093010-1536x2048.jpg 1536w, https:\/\/vtest1.college-lapierre.fr\/wp-content\/uploads\/2024\/12\/IMG20241202093010-scaled.jpg 1920w\" sizes=\"auto, (max-width: 768px) 100vw, 768px\" \/><\/figure>\n\n\n\n<figure class=\"wp-block-image size-large\"><img loading=\"lazy\" decoding=\"async\" width=\"1024\" height=\"768\" src=\"https:\/\/vtest1.college-lapierre.fr\/wp-content\/uploads\/2024\/12\/IMG20241212112800-1024x768.jpg\" alt=\"\" class=\"wp-image-11037\" srcset=\"https:\/\/vtest1.college-lapierre.fr\/wp-content\/uploads\/2024\/12\/IMG20241212112800-1024x768.jpg 1024w, https:\/\/vtest1.college-lapierre.fr\/wp-content\/uploads\/2024\/12\/IMG20241212112800-300x225.jpg 300w, https:\/\/vtest1.college-lapierre.fr\/wp-content\/uploads\/2024\/12\/IMG20241212112800-768x576.jpg 768w, https:\/\/vtest1.college-lapierre.fr\/wp-content\/uploads\/2024\/12\/IMG20241212112800-1536x1152.jpg 1536w, https:\/\/vtest1.college-lapierre.fr\/wp-content\/uploads\/2024\/12\/IMG20241212112800-2048x1536.jpg 2048w\" sizes=\"auto, (max-width: 1024px) 100vw, 1024px\" \/><\/figure>\n","protected":false},"excerpt":{"rendered":"<p>La magie de No\u00ebl s&rsquo;est invit\u00e9e en salle 110! Par un beau matin de d\u00e9cembre, la f\u00eate des morts avait laiss\u00e9 place aux guirlandes, sapin, lumi\u00e8res et autres d\u00e9corations! Avec l&rsquo;aide des lutins volontaires, la d\u00e9coration a m\u00eame pu \u00eatre agr\u00e9ment\u00e9e de coloriages et messages festifs! Je les en remercie! Outre la cr\u00e9ation d&rsquo;une ambiance&#8230;<\/p>\n<p class=\"more-link-wrap\"><a href=\"https:\/\/vtest1.college-lapierre.fr\/?p=11029\" class=\"more-link\">Read More<span class=\"screen-reader-text\"> &ldquo;Las fiestas se invitan en el aula 110&rdquo;<\/span> &raquo;<\/a><\/p>\n","protected":false},"author":157,"featured_media":11034,"comment_status":"open","ping_status":"open","sticky":false,"template":"","format":"standard","meta":{"footnotes":""},"categories":[23,1],"tags":[],"class_list":["post-11029","post","type-post","status-publish","format-standard","has-post-thumbnail","hentry","category-langues-vivante","category-non-categorise"],"_links":{"self":[{"href":"https:\/\/vtest1.college-lapierre.fr\/index.php?rest_route=\/wp\/v2\/posts\/11029","targetHints":{"allow":["GET"]}}],"collection":[{"href":"https:\/\/vtest1.college-lapierre.fr\/index.php?rest_route=\/wp\/v2\/posts"}],"about":[{"href":"https:\/\/vtest1.college-lapierre.fr\/index.php?rest_route=\/wp\/v2\/types\/post"}],"author":[{"embeddable":true,"href":"https:\/\/vtest1.college-lapierre.fr\/index.php?rest_route=\/wp\/v2\/users\/157"}],"replies":[{"embeddable":true,"href":"https:\/\/vtest1.college-lapierre.fr\/index.php?rest_route=%2Fwp%2Fv2%2Fcomments&post=11029"}],"version-history":[{"count":1,"href":"https:\/\/vtest1.college-lapierre.fr\/index.php?rest_route=\/wp\/v2\/posts\/11029\/revisions"}],"predecessor-version":[{"id":11038,"href":"https:\/\/vtest1.college-lapierre.fr\/index.php?rest_route=\/wp\/v2\/posts\/11029\/revisions\/11038"}],"wp:featuredmedia":[{"embeddable":true,"href":"https:\/\/vtest1.college-lapierre.fr\/index.php?rest_route=\/wp\/v2\/media\/11034"}],"wp:attachment":[{"href":"https:\/\/vtest1.college-lapierre.fr\/index.php?rest_route=%2Fwp%2Fv2%2Fmedia&parent=11029"}],"wp:term":[{"taxonomy":"category","embeddable":true,"href":"https:\/\/vtest1.college-lapierre.fr\/index.php?rest_route=%2Fwp%2Fv2%2Fcategories&post=11029"},{"taxonomy":"post_tag","embeddable":true,"href":"https:\/\/vtest1.college-lapierre.fr\/index.php?rest_route=%2Fwp%2Fv2%2Ftags&post=11029"}],"curies":[{"name":"wp","href":"https:\/\/api.w.org\/{rel}","templated":true}]}}