{"id":11039,"date":"2024-12-12T13:09:57","date_gmt":"2024-12-12T11:09:57","guid":{"rendered":"https:\/\/vtest1.college-lapierre.fr\/?p=11039"},"modified":"2024-12-12T13:09:57","modified_gmt":"2024-12-12T11:09:57","slug":"tache-finale-3e","status":"publish","type":"post","link":"https:\/\/vtest1.college-lapierre.fr\/?p=11039","title":{"rendered":"T\u00e2che finale 3e"},"content":{"rendered":"\n<p>Tout au long du mois de novembre, les 3e ont travaill\u00e9 sur la tradition de la f\u00eate des morts mexicaine. <\/p>\n\n\n\n<p>Atypique, cette f\u00eate a la particularit\u00e9 de c\u00e9l\u00e9brer la mort de fa\u00e7on joyeuse et color\u00e9e. <\/p>\n\n\n\n<figure class=\"wp-block-image size-large\"><img loading=\"lazy\" decoding=\"async\" width=\"1024\" height=\"768\" src=\"https:\/\/vtest1.college-lapierre.fr\/wp-content\/uploads\/2024\/12\/IMG20241212115029-1024x768.jpg\" alt=\"\" class=\"wp-image-11040\" srcset=\"https:\/\/vtest1.college-lapierre.fr\/wp-content\/uploads\/2024\/12\/IMG20241212115029-1024x768.jpg 1024w, https:\/\/vtest1.college-lapierre.fr\/wp-content\/uploads\/2024\/12\/IMG20241212115029-300x225.jpg 300w, https:\/\/vtest1.college-lapierre.fr\/wp-content\/uploads\/2024\/12\/IMG20241212115029-768x576.jpg 768w, https:\/\/vtest1.college-lapierre.fr\/wp-content\/uploads\/2024\/12\/IMG20241212115029-1536x1152.jpg 1536w, https:\/\/vtest1.college-lapierre.fr\/wp-content\/uploads\/2024\/12\/IMG20241212115029-2048x1536.jpg 2048w\" sizes=\"auto, (max-width: 1024px) 100vw, 1024px\" \/><\/figure>\n\n\n\n<p>Nous avons travaill\u00e9 en classe sur les diff\u00e9rentes c\u00e9l\u00e9brations existantes (les d\u00e9fil\u00e9s, les expositions, les all\u00e9gories, les alebrijes&#8230;) mais \u00e9galement sur la tradition plus familiale de monter des autels ou de d\u00e9corer les tombes. <\/p>\n\n\n\n<figure class=\"wp-block-image size-large\"><img loading=\"lazy\" decoding=\"async\" width=\"1024\" height=\"768\" src=\"https:\/\/vtest1.college-lapierre.fr\/wp-content\/uploads\/2024\/12\/IMG20241212115006-1024x768.jpg\" alt=\"\" class=\"wp-image-11045\" srcset=\"https:\/\/vtest1.college-lapierre.fr\/wp-content\/uploads\/2024\/12\/IMG20241212115006-1024x768.jpg 1024w, https:\/\/vtest1.college-lapierre.fr\/wp-content\/uploads\/2024\/12\/IMG20241212115006-300x225.jpg 300w, https:\/\/vtest1.college-lapierre.fr\/wp-content\/uploads\/2024\/12\/IMG20241212115006-768x576.jpg 768w, https:\/\/vtest1.college-lapierre.fr\/wp-content\/uploads\/2024\/12\/IMG20241212115006-1536x1152.jpg 1536w, https:\/\/vtest1.college-lapierre.fr\/wp-content\/uploads\/2024\/12\/IMG20241212115006-2048x1536.jpg 2048w\" sizes=\"auto, (max-width: 1024px) 100vw, 1024px\" \/><\/figure>\n\n\n\n<p>L&rsquo;ouverture culturelle a bien plu aux \u00e9l\u00e8ves et ils se sont appropri\u00e9s le th\u00e8me avec ferveur comme le montrent leurs tr\u00e8s belles t\u00e2ches finales. <\/p>\n\n\n\n<p>Ils devaient r\u00e9aliser une affiche pr\u00e9sentant la f\u00eate et les retours sont tous tr\u00e8s positifs. Ils se sont vraiment investis pour ce devoir et il me tenait \u00e0 c\u0153ur de mettre en avant leurs r\u00e9alisations originales et color\u00e9es. Je me ferai une joie d&rsquo;afficher les productions dans la salle mais je vous laisse d\u00e9couvrir quelques travaux ci-apr\u00e8s. <\/p>\n\n\n\n<figure class=\"wp-block-image size-large\"><img loading=\"lazy\" decoding=\"async\" width=\"1024\" height=\"768\" src=\"https:\/\/vtest1.college-lapierre.fr\/wp-content\/uploads\/2024\/12\/IMG20241212115045-1-1024x768.jpg\" alt=\"\" class=\"wp-image-11042\" srcset=\"https:\/\/vtest1.college-lapierre.fr\/wp-content\/uploads\/2024\/12\/IMG20241212115045-1-1024x768.jpg 1024w, https:\/\/vtest1.college-lapierre.fr\/wp-content\/uploads\/2024\/12\/IMG20241212115045-1-300x225.jpg 300w, https:\/\/vtest1.college-lapierre.fr\/wp-content\/uploads\/2024\/12\/IMG20241212115045-1-768x576.jpg 768w, https:\/\/vtest1.college-lapierre.fr\/wp-content\/uploads\/2024\/12\/IMG20241212115045-1-1536x1152.jpg 1536w, https:\/\/vtest1.college-lapierre.fr\/wp-content\/uploads\/2024\/12\/IMG20241212115045-1-2048x1536.jpg 2048w\" sizes=\"auto, (max-width: 1024px) 100vw, 1024px\" \/><\/figure>\n\n\n\n<p>Plusieurs \u00e9l\u00e8ves ont d&rsquo;ores et d\u00e9j\u00e0 d\u00e9cid\u00e9 de choisir de pr\u00e9senter ce th\u00e8me lors de leur oral de brevet. Nul doute qu&rsquo;ils sauront \u00eatre pertinents et convaincants tant ils se sont appropri\u00e9s le sujet! <\/p>\n\n\n\n<figure class=\"wp-block-image size-large\"><img loading=\"lazy\" decoding=\"async\" width=\"1024\" height=\"768\" src=\"https:\/\/vtest1.college-lapierre.fr\/wp-content\/uploads\/2024\/12\/IMG20241212115133-1-1024x768.jpg\" alt=\"\" class=\"wp-image-11044\" srcset=\"https:\/\/vtest1.college-lapierre.fr\/wp-content\/uploads\/2024\/12\/IMG20241212115133-1-1024x768.jpg 1024w, https:\/\/vtest1.college-lapierre.fr\/wp-content\/uploads\/2024\/12\/IMG20241212115133-1-300x225.jpg 300w, https:\/\/vtest1.college-lapierre.fr\/wp-content\/uploads\/2024\/12\/IMG20241212115133-1-768x576.jpg 768w, https:\/\/vtest1.college-lapierre.fr\/wp-content\/uploads\/2024\/12\/IMG20241212115133-1-1536x1152.jpg 1536w, https:\/\/vtest1.college-lapierre.fr\/wp-content\/uploads\/2024\/12\/IMG20241212115133-1-2048x1536.jpg 2048w\" sizes=\"auto, (max-width: 1024px) 100vw, 1024px\" \/><\/figure>\n\n\n\n<figure class=\"wp-block-image size-large\"><img loading=\"lazy\" decoding=\"async\" width=\"1024\" height=\"768\" src=\"https:\/\/vtest1.college-lapierre.fr\/wp-content\/uploads\/2024\/12\/IMG20241212114950-1024x768.jpg\" alt=\"\" class=\"wp-image-11046\" srcset=\"https:\/\/vtest1.college-lapierre.fr\/wp-content\/uploads\/2024\/12\/IMG20241212114950-1024x768.jpg 1024w, https:\/\/vtest1.college-lapierre.fr\/wp-content\/uploads\/2024\/12\/IMG20241212114950-300x225.jpg 300w, https:\/\/vtest1.college-lapierre.fr\/wp-content\/uploads\/2024\/12\/IMG20241212114950-768x576.jpg 768w, https:\/\/vtest1.college-lapierre.fr\/wp-content\/uploads\/2024\/12\/IMG20241212114950-1536x1152.jpg 1536w, https:\/\/vtest1.college-lapierre.fr\/wp-content\/uploads\/2024\/12\/IMG20241212114950-2048x1536.jpg 2048w\" sizes=\"auto, (max-width: 1024px) 100vw, 1024px\" \/><\/figure>\n\n\n\n<figure class=\"wp-block-image size-large\"><img loading=\"lazy\" decoding=\"async\" width=\"768\" height=\"1024\" src=\"https:\/\/vtest1.college-lapierre.fr\/wp-content\/uploads\/2024\/12\/IMG20241212120542-768x1024.jpg\" alt=\"\" class=\"wp-image-11047\" srcset=\"https:\/\/vtest1.college-lapierre.fr\/wp-content\/uploads\/2024\/12\/IMG20241212120542-768x1024.jpg 768w, https:\/\/vtest1.college-lapierre.fr\/wp-content\/uploads\/2024\/12\/IMG20241212120542-225x300.jpg 225w, https:\/\/vtest1.college-lapierre.fr\/wp-content\/uploads\/2024\/12\/IMG20241212120542-1152x1536.jpg 1152w, https:\/\/vtest1.college-lapierre.fr\/wp-content\/uploads\/2024\/12\/IMG20241212120542-1536x2048.jpg 1536w, https:\/\/vtest1.college-lapierre.fr\/wp-content\/uploads\/2024\/12\/IMG20241212120542-scaled.jpg 1920w\" sizes=\"auto, (max-width: 768px) 100vw, 768px\" \/><\/figure>\n","protected":false},"excerpt":{"rendered":"<p>Tout au long du mois de novembre, les 3e ont travaill\u00e9 sur la tradition de la f\u00eate des morts mexicaine. Atypique, cette f\u00eate a la particularit\u00e9 de c\u00e9l\u00e9brer la mort de fa\u00e7on joyeuse et color\u00e9e. Nous avons travaill\u00e9 en classe sur les diff\u00e9rentes c\u00e9l\u00e9brations existantes (les d\u00e9fil\u00e9s, les expositions, les all\u00e9gories, les alebrijes&#8230;) mais \u00e9galement&#8230;<\/p>\n<p class=\"more-link-wrap\"><a href=\"https:\/\/vtest1.college-lapierre.fr\/?p=11039\" class=\"more-link\">Read More<span class=\"screen-reader-text\"> &ldquo;T\u00e2che finale 3e&rdquo;<\/span> &raquo;<\/a><\/p>\n","protected":false},"author":157,"featured_media":11047,"comment_status":"open","ping_status":"open","sticky":false,"template":"","format":"standard","meta":{"footnotes":""},"categories":[23],"tags":[],"class_list":["post-11039","post","type-post","status-publish","format-standard","has-post-thumbnail","hentry","category-langues-vivante"],"_links":{"self":[{"href":"https:\/\/vtest1.college-lapierre.fr\/index.php?rest_route=\/wp\/v2\/posts\/11039","targetHints":{"allow":["GET"]}}],"collection":[{"href":"https:\/\/vtest1.college-lapierre.fr\/index.php?rest_route=\/wp\/v2\/posts"}],"about":[{"href":"https:\/\/vtest1.college-lapierre.fr\/index.php?rest_route=\/wp\/v2\/types\/post"}],"author":[{"embeddable":true,"href":"https:\/\/vtest1.college-lapierre.fr\/index.php?rest_route=\/wp\/v2\/users\/157"}],"replies":[{"embeddable":true,"href":"https:\/\/vtest1.college-lapierre.fr\/index.php?rest_route=%2Fwp%2Fv2%2Fcomments&post=11039"}],"version-history":[{"count":1,"href":"https:\/\/vtest1.college-lapierre.fr\/index.php?rest_route=\/wp\/v2\/posts\/11039\/revisions"}],"predecessor-version":[{"id":11048,"href":"https:\/\/vtest1.college-lapierre.fr\/index.php?rest_route=\/wp\/v2\/posts\/11039\/revisions\/11048"}],"wp:featuredmedia":[{"embeddable":true,"href":"https:\/\/vtest1.college-lapierre.fr\/index.php?rest_route=\/wp\/v2\/media\/11047"}],"wp:attachment":[{"href":"https:\/\/vtest1.college-lapierre.fr\/index.php?rest_route=%2Fwp%2Fv2%2Fmedia&parent=11039"}],"wp:term":[{"taxonomy":"category","embeddable":true,"href":"https:\/\/vtest1.college-lapierre.fr\/index.php?rest_route=%2Fwp%2Fv2%2Fcategories&post=11039"},{"taxonomy":"post_tag","embeddable":true,"href":"https:\/\/vtest1.college-lapierre.fr\/index.php?rest_route=%2Fwp%2Fv2%2Ftags&post=11039"}],"curies":[{"name":"wp","href":"https:\/\/api.w.org\/{rel}","templated":true}]}}