{"id":11151,"date":"2025-01-29T22:43:40","date_gmt":"2025-01-29T20:43:40","guid":{"rendered":"https:\/\/vtest1.college-lapierre.fr\/?p=11151"},"modified":"2025-01-29T22:48:11","modified_gmt":"2025-01-29T20:48:11","slug":"projets-mixart-2025-et-toi-comment-tu-te-sens","status":"publish","type":"post","link":"https:\/\/vtest1.college-lapierre.fr\/?p=11151","title":{"rendered":"Projets Mix&rsquo;art 2025 : et toi comment tu te sens ?"},"content":{"rendered":"\n<p class=\"has-medium-font-size\">Les \u00e9l\u00e8ves de classes 3eme A,B et D ont enti\u00e8rement pens\u00e9, con\u00e7u et finalis\u00e9 deux fresques de cinq m\u00e8tres de long sur un m\u00e8tre de large, sur le th\u00e8me de la \u00ab\u00a0gestion des \u00e9motions et de la communication\u00a0\u00bb, avec l&rsquo;artiste plasticienne-muraliste ELEART, en r\u00e9sidence quatre jours au coll\u00e8ge Georges Lapierre.<\/p>\n\n\n\n<p class=\"has-medium-font-size\"> Enjoy Street art !<\/p>\n\n\n\n<p><\/p>\n\n\n\n<figure class=\"wp-block-embed is-type-video is-provider-vimeo wp-block-embed-vimeo\"><div class=\"wp-block-embed__wrapper\">\n<iframe loading=\"lazy\" title=\"1er Projet Mix&#039;art  2025 : Et toi , comment tu te sens ?\" src=\"https:\/\/player.vimeo.com\/video\/1051665914?dnt=1&amp;app_id=122963\" width=\"650\" height=\"763\" frameborder=\"0\" allow=\"autoplay; fullscreen; picture-in-picture; clipboard-write; encrypted-media\"><\/iframe>\n<\/div><\/figure>\n\n\n\n<figure class=\"wp-block-embed is-type-video is-provider-vimeo wp-block-embed-vimeo wp-embed-aspect-9-16 wp-has-aspect-ratio\"><div class=\"wp-block-embed__wrapper\">\n<iframe loading=\"lazy\" title=\"2eme projet Mix&#039;art 2025 : les mondes emotionnels !\" src=\"https:\/\/player.vimeo.com\/video\/1051672192?dnt=1&amp;app_id=122963\" width=\"480\" height=\"864\" frameborder=\"0\" allow=\"autoplay; fullscreen; picture-in-picture; clipboard-write; encrypted-media\"><\/iframe>\n<\/div><\/figure>\n\n\n\n<p>Les films sont r\u00e9alis\u00e9s par M\u00e9lanie SCIPPA.<\/p>\n","protected":false},"excerpt":{"rendered":"<p>Les \u00e9l\u00e8ves de classes 3eme A,B et D ont enti\u00e8rement pens\u00e9, con\u00e7u et finalis\u00e9 deux fresques de cinq m\u00e8tres de long sur un m\u00e8tre de large, sur le th\u00e8me de la \u00ab\u00a0gestion des \u00e9motions et de la communication\u00a0\u00bb, avec l&rsquo;artiste plasticienne-muraliste ELEART, en r\u00e9sidence quatre jours au coll\u00e8ge Georges Lapierre. Enjoy Street art ! Les&#8230;<\/p>\n<p class=\"more-link-wrap\"><a href=\"https:\/\/vtest1.college-lapierre.fr\/?p=11151\" class=\"more-link\">Read More<span class=\"screen-reader-text\"> &ldquo;Projets Mix&rsquo;art 2025 : et toi comment tu te sens ?&rdquo;<\/span> &raquo;<\/a><\/p>\n","protected":false},"author":116,"featured_media":11145,"comment_status":"closed","ping_status":"closed","sticky":false,"template":"","format":"standard","meta":{"footnotes":""},"categories":[39,54,1],"tags":[16],"class_list":["post-11151","post","type-post","status-publish","format-standard","has-post-thumbnail","hentry","category-education-artistique","category-projets","category-non-categorise","tag-arts-plastiques"],"_links":{"self":[{"href":"https:\/\/vtest1.college-lapierre.fr\/index.php?rest_route=\/wp\/v2\/posts\/11151","targetHints":{"allow":["GET"]}}],"collection":[{"href":"https:\/\/vtest1.college-lapierre.fr\/index.php?rest_route=\/wp\/v2\/posts"}],"about":[{"href":"https:\/\/vtest1.college-lapierre.fr\/index.php?rest_route=\/wp\/v2\/types\/post"}],"author":[{"embeddable":true,"href":"https:\/\/vtest1.college-lapierre.fr\/index.php?rest_route=\/wp\/v2\/users\/116"}],"replies":[{"embeddable":true,"href":"https:\/\/vtest1.college-lapierre.fr\/index.php?rest_route=%2Fwp%2Fv2%2Fcomments&post=11151"}],"version-history":[{"count":4,"href":"https:\/\/vtest1.college-lapierre.fr\/index.php?rest_route=\/wp\/v2\/posts\/11151\/revisions"}],"predecessor-version":[{"id":11156,"href":"https:\/\/vtest1.college-lapierre.fr\/index.php?rest_route=\/wp\/v2\/posts\/11151\/revisions\/11156"}],"wp:featuredmedia":[{"embeddable":true,"href":"https:\/\/vtest1.college-lapierre.fr\/index.php?rest_route=\/wp\/v2\/media\/11145"}],"wp:attachment":[{"href":"https:\/\/vtest1.college-lapierre.fr\/index.php?rest_route=%2Fwp%2Fv2%2Fmedia&parent=11151"}],"wp:term":[{"taxonomy":"category","embeddable":true,"href":"https:\/\/vtest1.college-lapierre.fr\/index.php?rest_route=%2Fwp%2Fv2%2Fcategories&post=11151"},{"taxonomy":"post_tag","embeddable":true,"href":"https:\/\/vtest1.college-lapierre.fr\/index.php?rest_route=%2Fwp%2Fv2%2Ftags&post=11151"}],"curies":[{"name":"wp","href":"https:\/\/api.w.org\/{rel}","templated":true}]}}