{"id":11214,"date":"2025-02-18T17:10:26","date_gmt":"2025-02-18T15:10:26","guid":{"rendered":"https:\/\/vtest1.college-lapierre.fr\/?p=11214"},"modified":"2025-02-18T17:17:46","modified_gmt":"2025-02-18T15:17:46","slug":"radio-lapierre-le-creole-sacre-melange","status":"publish","type":"post","link":"https:\/\/vtest1.college-lapierre.fr\/?p=11214","title":{"rendered":"Radio Lapierre : le cr\u00e9ole, sacr\u00e9 m\u00e9lange !"},"content":{"rendered":"<div class=\"wp-block-image\">\n<figure class=\"aligncenter is-resized\"><img loading=\"lazy\" decoding=\"async\" width=\"684\" height=\"1024\" src=\"https:\/\/vtest1.college-lapierre.fr\/wp-content\/uploads\/2025\/02\/Le_Maido_-_Paysage_de_lile_de_La_Reunion-684x1024.jpg\" alt=\"\" class=\"wp-image-11216\" style=\"width:299px;height:auto\" srcset=\"https:\/\/vtest1.college-lapierre.fr\/wp-content\/uploads\/2025\/02\/Le_Maido_-_Paysage_de_lile_de_La_Reunion-684x1024.jpg 684w, https:\/\/vtest1.college-lapierre.fr\/wp-content\/uploads\/2025\/02\/Le_Maido_-_Paysage_de_lile_de_La_Reunion-200x300.jpg 200w, https:\/\/vtest1.college-lapierre.fr\/wp-content\/uploads\/2025\/02\/Le_Maido_-_Paysage_de_lile_de_La_Reunion-768x1150.jpg 768w, https:\/\/vtest1.college-lapierre.fr\/wp-content\/uploads\/2025\/02\/Le_Maido_-_Paysage_de_lile_de_La_Reunion-1025x1536.jpg 1025w, https:\/\/vtest1.college-lapierre.fr\/wp-content\/uploads\/2025\/02\/Le_Maido_-_Paysage_de_lile_de_La_Reunion-1367x2048.jpg 1367w, https:\/\/vtest1.college-lapierre.fr\/wp-content\/uploads\/2025\/02\/Le_Maido_-_Paysage_de_lile_de_La_Reunion-scaled.jpg 1709w\" sizes=\"auto, (max-width: 684px) 100vw, 684px\" \/><\/figure>\n<\/div>\n\n\n<figure class=\"wp-block-audio\"><audio controls src=\"https:\/\/vtest1.college-lapierre.fr\/wp-content\/uploads\/2025\/02\/esteban-le-creole-monte-2.wav\"><\/audio><\/figure>\n\n\n\n<p>Esteban nous pr\u00e9sente les cr\u00e9oles et nous fait voyager : en route pour la R\u00e9union !<\/p>\n","protected":false},"excerpt":{"rendered":"<p>Esteban nous pr\u00e9sente les cr\u00e9oles et nous fait voyager : en route pour la R\u00e9union !<\/p>\n","protected":false},"author":127,"featured_media":0,"comment_status":"closed","ping_status":"closed","sticky":false,"template":"","format":"standard","meta":{"footnotes":""},"categories":[87],"tags":[9,116,117,88],"class_list":["post-11214","post","type-post","status-publish","format-standard","hentry","category-radio","tag-college-lapierre","tag-creole","tag-la-reunion","tag-radio"],"_links":{"self":[{"href":"https:\/\/vtest1.college-lapierre.fr\/index.php?rest_route=\/wp\/v2\/posts\/11214","targetHints":{"allow":["GET"]}}],"collection":[{"href":"https:\/\/vtest1.college-lapierre.fr\/index.php?rest_route=\/wp\/v2\/posts"}],"about":[{"href":"https:\/\/vtest1.college-lapierre.fr\/index.php?rest_route=\/wp\/v2\/types\/post"}],"author":[{"embeddable":true,"href":"https:\/\/vtest1.college-lapierre.fr\/index.php?rest_route=\/wp\/v2\/users\/127"}],"replies":[{"embeddable":true,"href":"https:\/\/vtest1.college-lapierre.fr\/index.php?rest_route=%2Fwp%2Fv2%2Fcomments&post=11214"}],"version-history":[{"count":4,"href":"https:\/\/vtest1.college-lapierre.fr\/index.php?rest_route=\/wp\/v2\/posts\/11214\/revisions"}],"predecessor-version":[{"id":11221,"href":"https:\/\/vtest1.college-lapierre.fr\/index.php?rest_route=\/wp\/v2\/posts\/11214\/revisions\/11221"}],"wp:attachment":[{"href":"https:\/\/vtest1.college-lapierre.fr\/index.php?rest_route=%2Fwp%2Fv2%2Fmedia&parent=11214"}],"wp:term":[{"taxonomy":"category","embeddable":true,"href":"https:\/\/vtest1.college-lapierre.fr\/index.php?rest_route=%2Fwp%2Fv2%2Fcategories&post=11214"},{"taxonomy":"post_tag","embeddable":true,"href":"https:\/\/vtest1.college-lapierre.fr\/index.php?rest_route=%2Fwp%2Fv2%2Ftags&post=11214"}],"curies":[{"name":"wp","href":"https:\/\/api.w.org\/{rel}","templated":true}]}}