{"id":11224,"date":"2025-03-12T11:01:12","date_gmt":"2025-03-12T09:01:12","guid":{"rendered":"https:\/\/vtest1.college-lapierre.fr\/?p=11224"},"modified":"2025-03-12T11:02:18","modified_gmt":"2025-03-12T09:02:18","slug":"renommons-les-salles-de-classe-au-feminin","status":"publish","type":"post","link":"https:\/\/vtest1.college-lapierre.fr\/?p=11224","title":{"rendered":"Renommons les salles de classe au f\u00e9minin"},"content":{"rendered":"\n<p>Pour la semaine des droits des femmes, nous avons d\u00e9cid\u00e9 de mettre \u00e0 l&rsquo;honneur un certain nombre de femmes inspirantes. <\/p>\n\n\n\n<p>Nous avons renomm\u00e9 symboliquement chaque classe par une figure f\u00e9minine.\u00a0C&rsquo;est l&rsquo;occasion de d\u00e9couvrir le parcours de femmes politiques, scientifiques, militantes, exploratrices, sportives, autrices.  L\u2019objectif est de combattre ensemble l\u2019invisibilisation des femmes dans notre histoire et dans l\u2019espace public.<br><\/p>\n\n\n\n<figure class=\"wp-block-image size-large\"><img loading=\"lazy\" decoding=\"async\" width=\"819\" height=\"1024\" src=\"https:\/\/vtest1.college-lapierre.fr\/wp-content\/uploads\/2025\/03\/Publication-Instagram-Journee-Des-droits-des-femmes-citation-minimaliste-colore-1-819x1024.png\" alt=\"\" class=\"wp-image-11227\" srcset=\"https:\/\/vtest1.college-lapierre.fr\/wp-content\/uploads\/2025\/03\/Publication-Instagram-Journee-Des-droits-des-femmes-citation-minimaliste-colore-1-819x1024.png 819w, https:\/\/vtest1.college-lapierre.fr\/wp-content\/uploads\/2025\/03\/Publication-Instagram-Journee-Des-droits-des-femmes-citation-minimaliste-colore-1-240x300.png 240w, https:\/\/vtest1.college-lapierre.fr\/wp-content\/uploads\/2025\/03\/Publication-Instagram-Journee-Des-droits-des-femmes-citation-minimaliste-colore-1-768x960.png 768w, https:\/\/vtest1.college-lapierre.fr\/wp-content\/uploads\/2025\/03\/Publication-Instagram-Journee-Des-droits-des-femmes-citation-minimaliste-colore-1.png 1080w\" sizes=\"auto, (max-width: 819px) 100vw, 819px\" \/><\/figure>\n","protected":false},"excerpt":{"rendered":"<p>Pour la semaine des droits des femmes, nous avons d\u00e9cid\u00e9 de mettre \u00e0 l&rsquo;honneur un certain nombre de femmes inspirantes. Nous avons renomm\u00e9 symboliquement chaque classe par une figure f\u00e9minine.\u00a0C&rsquo;est l&rsquo;occasion de d\u00e9couvrir le parcours de femmes politiques, scientifiques, militantes, exploratrices, sportives, autrices. L\u2019objectif est de combattre ensemble l\u2019invisibilisation des femmes dans notre histoire et&#8230;<\/p>\n<p class=\"more-link-wrap\"><a href=\"https:\/\/vtest1.college-lapierre.fr\/?p=11224\" class=\"more-link\">Read More<span class=\"screen-reader-text\"> &ldquo;Renommons les salles de classe au f\u00e9minin&rdquo;<\/span> &raquo;<\/a><\/p>\n","protected":false},"author":131,"featured_media":0,"comment_status":"closed","ping_status":"closed","sticky":false,"template":"","format":"standard","meta":{"footnotes":""},"categories":[41,1],"tags":[],"class_list":["post-11224","post","type-post","status-publish","format-standard","hentry","category-histoire-geographie-emc","category-non-categorise"],"_links":{"self":[{"href":"https:\/\/vtest1.college-lapierre.fr\/index.php?rest_route=\/wp\/v2\/posts\/11224","targetHints":{"allow":["GET"]}}],"collection":[{"href":"https:\/\/vtest1.college-lapierre.fr\/index.php?rest_route=\/wp\/v2\/posts"}],"about":[{"href":"https:\/\/vtest1.college-lapierre.fr\/index.php?rest_route=\/wp\/v2\/types\/post"}],"author":[{"embeddable":true,"href":"https:\/\/vtest1.college-lapierre.fr\/index.php?rest_route=\/wp\/v2\/users\/131"}],"replies":[{"embeddable":true,"href":"https:\/\/vtest1.college-lapierre.fr\/index.php?rest_route=%2Fwp%2Fv2%2Fcomments&post=11224"}],"version-history":[{"count":2,"href":"https:\/\/vtest1.college-lapierre.fr\/index.php?rest_route=\/wp\/v2\/posts\/11224\/revisions"}],"predecessor-version":[{"id":11228,"href":"https:\/\/vtest1.college-lapierre.fr\/index.php?rest_route=\/wp\/v2\/posts\/11224\/revisions\/11228"}],"wp:attachment":[{"href":"https:\/\/vtest1.college-lapierre.fr\/index.php?rest_route=%2Fwp%2Fv2%2Fmedia&parent=11224"}],"wp:term":[{"taxonomy":"category","embeddable":true,"href":"https:\/\/vtest1.college-lapierre.fr\/index.php?rest_route=%2Fwp%2Fv2%2Fcategories&post=11224"},{"taxonomy":"post_tag","embeddable":true,"href":"https:\/\/vtest1.college-lapierre.fr\/index.php?rest_route=%2Fwp%2Fv2%2Ftags&post=11224"}],"curies":[{"name":"wp","href":"https:\/\/api.w.org\/{rel}","templated":true}]}}