{"id":11260,"date":"2025-04-09T15:49:49","date_gmt":"2025-04-09T13:49:49","guid":{"rendered":"https:\/\/vtest1.college-lapierre.fr\/?p=11260"},"modified":"2025-05-16T17:46:33","modified_gmt":"2025-05-16T15:46:33","slug":"dans-les-coulisses-de-la-chorale","status":"publish","type":"post","link":"https:\/\/vtest1.college-lapierre.fr\/?p=11260","title":{"rendered":"Dans les coulisses de la chorale"},"content":{"rendered":"\n<figure class=\"wp-block-audio\"><audio controls src=\"https:\/\/vtest1.college-lapierre.fr\/wp-content\/uploads\/2025\/04\/coulisses-de-la-chorale3.wav\"><\/audio><\/figure>\n\n\n\n\n\n<p>Avant leur d\u00e9part au Futuroscope, les \u00e9l\u00e8ves de la chorale du coll\u00e8ge Lapierre ont fait une ultime r\u00e9p\u00e9titions, conduits par M. Ricquebourg.  Anna et Esteban, de l&rsquo;atelier radio, ont pu assister \u00e0 ce travail et en ont capt\u00e9 quelques instants. Bonne \u00e9coute !<\/p>\n","protected":false},"excerpt":{"rendered":"<p>Avant leur d\u00e9part au Futuroscope, les \u00e9l\u00e8ves de la chorale du coll\u00e8ge Lapierre ont fait une ultime r\u00e9p\u00e9titions, conduits par M. Ricquebourg. Anna et Esteban, de l&rsquo;atelier radio, ont pu assister \u00e0 ce travail et en ont capt\u00e9 quelques instants. Bonne \u00e9coute !<\/p>\n","protected":false},"author":127,"featured_media":11339,"comment_status":"closed","ping_status":"closed","sticky":false,"template":"","format":"standard","meta":{"footnotes":""},"categories":[115,87],"tags":[118,9,30,88],"class_list":["post-11260","post","type-post","status-publish","format-standard","has-post-thumbnail","hentry","category-a-la-une","category-radio","tag-chorale","tag-college-lapierre","tag-lormont","tag-radio"],"_links":{"self":[{"href":"https:\/\/vtest1.college-lapierre.fr\/index.php?rest_route=\/wp\/v2\/posts\/11260","targetHints":{"allow":["GET"]}}],"collection":[{"href":"https:\/\/vtest1.college-lapierre.fr\/index.php?rest_route=\/wp\/v2\/posts"}],"about":[{"href":"https:\/\/vtest1.college-lapierre.fr\/index.php?rest_route=\/wp\/v2\/types\/post"}],"author":[{"embeddable":true,"href":"https:\/\/vtest1.college-lapierre.fr\/index.php?rest_route=\/wp\/v2\/users\/127"}],"replies":[{"embeddable":true,"href":"https:\/\/vtest1.college-lapierre.fr\/index.php?rest_route=%2Fwp%2Fv2%2Fcomments&post=11260"}],"version-history":[{"count":3,"href":"https:\/\/vtest1.college-lapierre.fr\/index.php?rest_route=\/wp\/v2\/posts\/11260\/revisions"}],"predecessor-version":[{"id":11264,"href":"https:\/\/vtest1.college-lapierre.fr\/index.php?rest_route=\/wp\/v2\/posts\/11260\/revisions\/11264"}],"wp:featuredmedia":[{"embeddable":true,"href":"https:\/\/vtest1.college-lapierre.fr\/index.php?rest_route=\/wp\/v2\/media\/11339"}],"wp:attachment":[{"href":"https:\/\/vtest1.college-lapierre.fr\/index.php?rest_route=%2Fwp%2Fv2%2Fmedia&parent=11260"}],"wp:term":[{"taxonomy":"category","embeddable":true,"href":"https:\/\/vtest1.college-lapierre.fr\/index.php?rest_route=%2Fwp%2Fv2%2Fcategories&post=11260"},{"taxonomy":"post_tag","embeddable":true,"href":"https:\/\/vtest1.college-lapierre.fr\/index.php?rest_route=%2Fwp%2Fv2%2Ftags&post=11260"}],"curies":[{"name":"wp","href":"https:\/\/api.w.org\/{rel}","templated":true}]}}