{"id":11266,"date":"2025-04-10T09:39:57","date_gmt":"2025-04-10T07:39:57","guid":{"rendered":"https:\/\/vtest1.college-lapierre.fr\/?p=11266"},"modified":"2025-04-10T16:50:03","modified_gmt":"2025-04-10T14:50:03","slug":"la-4emef-sur-les-ondes","status":"publish","type":"post","link":"https:\/\/vtest1.college-lapierre.fr\/?p=11266","title":{"rendered":"La 4\u00e8meF sur les ondes"},"content":{"rendered":"\n<p>Lundi 7 et mardi 8 avril, les \u00e9l\u00e8ves de 4F ont enregistr\u00e9 une \u00e9mission de radio sous la houlette de Monsieur Bonneau du CLEMI. Pour l&rsquo;occasion, le studio de radio du coll\u00e8ge s&rsquo;est install\u00e9 au CDI !<\/p>\n\n\n\n<p>Deux jours d&rsquo;un travail intense encadr\u00e9 par M. Est\u00e9rie, le professeur de fran\u00e7ais de la classe, M. Courd\u00e9, venu pr\u00eater main forte, et Mme Demouy, la professeur documentaliste. <\/p>\n\n\n\n<p>\u00c9criture, r\u00e9\u00e9criture, entra\u00eenements \u00e0 l&rsquo;oral, r\u00e9p\u00e9tition g\u00e9n\u00e9rale &#8230; et enregistrement de deux podcasts dans les conditions du direct \u00e0 \u00e9couter ici:<\/p>\n\n\n\n<p><a href=\"https:\/\/blogpeda.ac-bordeaux.fr\/clemibordeaux\/tag\/lapierre-lormont\">https:\/\/blogpeda.ac-bordeaux.fr\/clemibordeaux\/tag\/lapierre-lormont<\/a><\/p>\n\n\n\n<p> Bravo \u00e0 tous les \u00e9l\u00e8ves pour leur s\u00e9rieux et leur investissement. <\/p>\n\n\n\n<p>Bonne \u00e9coute !<\/p>\n\n\n\n<p><\/p>\n\n\n\n<p><\/p>\n","protected":false},"excerpt":{"rendered":"<p>Lundi 7 et mardi 8 avril, les \u00e9l\u00e8ves de 4F ont enregistr\u00e9 une \u00e9mission de radio sous la houlette de Monsieur Bonneau du CLEMI. Pour l&rsquo;occasion, le studio de radio du coll\u00e8ge s&rsquo;est install\u00e9 au CDI ! Deux jours d&rsquo;un travail intense encadr\u00e9 par M. Est\u00e9rie, le professeur de fran\u00e7ais de la classe, M. Courd\u00e9,&#8230;<\/p>\n<p class=\"more-link-wrap\"><a href=\"https:\/\/vtest1.college-lapierre.fr\/?p=11266\" class=\"more-link\">Read More<span class=\"screen-reader-text\"> &ldquo;La 4\u00e8meF sur les ondes&rdquo;<\/span> &raquo;<\/a><\/p>\n","protected":false},"author":92,"featured_media":11267,"comment_status":"closed","ping_status":"closed","sticky":false,"template":"","format":"standard","meta":{"footnotes":""},"categories":[115,54],"tags":[119,30,62],"class_list":["post-11266","post","type-post","status-publish","format-standard","has-post-thumbnail","hentry","category-a-la-une","category-projets","tag-education-aux-medias","tag-lormont","tag-projet"],"_links":{"self":[{"href":"https:\/\/vtest1.college-lapierre.fr\/index.php?rest_route=\/wp\/v2\/posts\/11266","targetHints":{"allow":["GET"]}}],"collection":[{"href":"https:\/\/vtest1.college-lapierre.fr\/index.php?rest_route=\/wp\/v2\/posts"}],"about":[{"href":"https:\/\/vtest1.college-lapierre.fr\/index.php?rest_route=\/wp\/v2\/types\/post"}],"author":[{"embeddable":true,"href":"https:\/\/vtest1.college-lapierre.fr\/index.php?rest_route=\/wp\/v2\/users\/92"}],"replies":[{"embeddable":true,"href":"https:\/\/vtest1.college-lapierre.fr\/index.php?rest_route=%2Fwp%2Fv2%2Fcomments&post=11266"}],"version-history":[{"count":5,"href":"https:\/\/vtest1.college-lapierre.fr\/index.php?rest_route=\/wp\/v2\/posts\/11266\/revisions"}],"predecessor-version":[{"id":11272,"href":"https:\/\/vtest1.college-lapierre.fr\/index.php?rest_route=\/wp\/v2\/posts\/11266\/revisions\/11272"}],"wp:featuredmedia":[{"embeddable":true,"href":"https:\/\/vtest1.college-lapierre.fr\/index.php?rest_route=\/wp\/v2\/media\/11267"}],"wp:attachment":[{"href":"https:\/\/vtest1.college-lapierre.fr\/index.php?rest_route=%2Fwp%2Fv2%2Fmedia&parent=11266"}],"wp:term":[{"taxonomy":"category","embeddable":true,"href":"https:\/\/vtest1.college-lapierre.fr\/index.php?rest_route=%2Fwp%2Fv2%2Fcategories&post=11266"},{"taxonomy":"post_tag","embeddable":true,"href":"https:\/\/vtest1.college-lapierre.fr\/index.php?rest_route=%2Fwp%2Fv2%2Ftags&post=11266"}],"curies":[{"name":"wp","href":"https:\/\/api.w.org\/{rel}","templated":true}]}}