{"id":11347,"date":"2025-05-28T10:39:30","date_gmt":"2025-05-28T08:39:30","guid":{"rendered":"https:\/\/vtest1.college-lapierre.fr\/?p=11347"},"modified":"2025-06-02T13:58:18","modified_gmt":"2025-06-02T11:58:18","slug":"de-lautre-cote-du-harcelement","status":"publish","type":"post","link":"https:\/\/vtest1.college-lapierre.fr\/?p=11347","title":{"rendered":"De l&rsquo;autre c\u00f4t\u00e9 du Harc\u00e8lement&#8230;"},"content":{"rendered":"\n<p>Cette fresque a \u00e9t\u00e9 r\u00e9alis\u00e9e par un groupe d\u2019\u00e9l\u00e8ves engag\u00e9s du coll\u00e8ge<br>: les ambassadeurs contre le harc\u00e8lement. <\/p>\n\n\n\n<p>Accompagn\u00e9s de l\u2019artiste peintre Andrea Posani, ils ont choisi de repr\u00e9senter non pas la<br>violence ou la douleur, mais l\u2019autre c\u00f4t\u00e9 du harc\u00e8lement : celui que<br>l\u2019on construit ensemble, avec bienveillance.<\/p>\n\n\n\n<p><br>\u00c0 travers des couleurs vives, des regards tourn\u00e9s vers l\u2019autre et des<br>gestes d\u2019entraide, cette \u0153uvre met en lumi\u00e8re des valeurs<br>essentielles : le respect, la joie, la solidarit\u00e9 et la compassion. Elle<br>rappelle que chaque \u00e9l\u00e8ve a le pouvoir d\u2019agir, de soutenir, de dire non<br>\u00e0 l\u2019exclusion et de dire oui \u00e0 l\u2019amiti\u00e9.<\/p>\n\n\n\n<p><br>Cette fresque est \u00e0 la fois un message d\u2019espoir et un engagement<br>collectif. Elle invite chacun \u00e0 \u00eatre attentif aux autres, \u00e0 cr\u00e9er un<br>climat scolaire apais\u00e9, et \u00e0 choisir, chaque jour, la voie du c\u0153ur plut\u00f4t<br>que celle du rejet.<\/p>\n\n\n\n<figure class=\"wp-block-image size-large\"><img loading=\"lazy\" decoding=\"async\" width=\"1024\" height=\"576\" src=\"https:\/\/vtest1.college-lapierre.fr\/wp-content\/uploads\/2025\/05\/fresque-1024x576.jpg\" alt=\"\" class=\"wp-image-11348\" srcset=\"https:\/\/vtest1.college-lapierre.fr\/wp-content\/uploads\/2025\/05\/fresque-1024x576.jpg 1024w, https:\/\/vtest1.college-lapierre.fr\/wp-content\/uploads\/2025\/05\/fresque-300x169.jpg 300w, https:\/\/vtest1.college-lapierre.fr\/wp-content\/uploads\/2025\/05\/fresque-768x432.jpg 768w, https:\/\/vtest1.college-lapierre.fr\/wp-content\/uploads\/2025\/05\/fresque-1536x864.jpg 1536w, https:\/\/vtest1.college-lapierre.fr\/wp-content\/uploads\/2025\/05\/fresque-2048x1152.jpg 2048w\" sizes=\"auto, (max-width: 1024px) 100vw, 1024px\" \/><\/figure>\n","protected":false},"excerpt":{"rendered":"<p>Cette fresque a \u00e9t\u00e9 r\u00e9alis\u00e9e par un groupe d\u2019\u00e9l\u00e8ves engag\u00e9s du coll\u00e8ge: les ambassadeurs contre le harc\u00e8lement. Accompagn\u00e9s de l\u2019artiste peintre Andrea Posani, ils ont choisi de repr\u00e9senter non pas laviolence ou la douleur, mais l\u2019autre c\u00f4t\u00e9 du harc\u00e8lement : celui quel\u2019on construit ensemble, avec bienveillance. \u00c0 travers des couleurs vives, des regards tourn\u00e9s vers&#8230;<\/p>\n<p class=\"more-link-wrap\"><a href=\"https:\/\/vtest1.college-lapierre.fr\/?p=11347\" class=\"more-link\">Read More<span class=\"screen-reader-text\"> &ldquo;De l&rsquo;autre c\u00f4t\u00e9 du Harc\u00e8lement&#8230;&rdquo;<\/span> &raquo;<\/a><\/p>\n","protected":false},"author":58,"featured_media":11348,"comment_status":"closed","ping_status":"closed","sticky":false,"template":"","format":"standard","meta":{"footnotes":""},"categories":[115,25,12,1,4,53],"tags":[],"class_list":["post-11347","post","type-post","status-publish","format-standard","has-post-thumbnail","hentry","category-a-la-une","category-delegues-eleves","category-le_college","category-non-categorise","category-vie-de-leleve","category-vie-scolaire"],"_links":{"self":[{"href":"https:\/\/vtest1.college-lapierre.fr\/index.php?rest_route=\/wp\/v2\/posts\/11347","targetHints":{"allow":["GET"]}}],"collection":[{"href":"https:\/\/vtest1.college-lapierre.fr\/index.php?rest_route=\/wp\/v2\/posts"}],"about":[{"href":"https:\/\/vtest1.college-lapierre.fr\/index.php?rest_route=\/wp\/v2\/types\/post"}],"author":[{"embeddable":true,"href":"https:\/\/vtest1.college-lapierre.fr\/index.php?rest_route=\/wp\/v2\/users\/58"}],"replies":[{"embeddable":true,"href":"https:\/\/vtest1.college-lapierre.fr\/index.php?rest_route=%2Fwp%2Fv2%2Fcomments&post=11347"}],"version-history":[{"count":1,"href":"https:\/\/vtest1.college-lapierre.fr\/index.php?rest_route=\/wp\/v2\/posts\/11347\/revisions"}],"predecessor-version":[{"id":11349,"href":"https:\/\/vtest1.college-lapierre.fr\/index.php?rest_route=\/wp\/v2\/posts\/11347\/revisions\/11349"}],"wp:featuredmedia":[{"embeddable":true,"href":"https:\/\/vtest1.college-lapierre.fr\/index.php?rest_route=\/wp\/v2\/media\/11348"}],"wp:attachment":[{"href":"https:\/\/vtest1.college-lapierre.fr\/index.php?rest_route=%2Fwp%2Fv2%2Fmedia&parent=11347"}],"wp:term":[{"taxonomy":"category","embeddable":true,"href":"https:\/\/vtest1.college-lapierre.fr\/index.php?rest_route=%2Fwp%2Fv2%2Fcategories&post=11347"},{"taxonomy":"post_tag","embeddable":true,"href":"https:\/\/vtest1.college-lapierre.fr\/index.php?rest_route=%2Fwp%2Fv2%2Ftags&post=11347"}],"curies":[{"name":"wp","href":"https:\/\/api.w.org\/{rel}","templated":true}]}}