{"id":11376,"date":"2025-06-30T22:25:07","date_gmt":"2025-06-30T20:25:07","guid":{"rendered":"https:\/\/vtest1.college-lapierre.fr\/?p=11376"},"modified":"2025-06-30T22:25:07","modified_gmt":"2025-06-30T20:25:07","slug":"court-metrage-entre-les-mots-et-la-mort","status":"publish","type":"post","link":"https:\/\/vtest1.college-lapierre.fr\/?p=11376","title":{"rendered":"Court-m\u00e9trage : \u00ab\u00a0Entre les mots et la mort\u00a0\u00bb"},"content":{"rendered":"\n<p><strong>Pourquoi faire un film en arts plastiques ?<\/strong><\/p>\n\n\n\n<figure class=\"wp-block-video\"><video height=\"1080\" style=\"aspect-ratio: 1920 \/ 1080;\" width=\"1920\" controls poster=\"https:\/\/vtest1.college-lapierre.fr\/wp-content\/uploads\/2025\/06\/Amira-Copie.jpg\" src=\"https:\/\/vtest1.college-lapierre.fr\/wp-content\/uploads\/2025\/06\/Entre-Les-Mots-Et-La-Mort-1.mp4\"><\/video><\/figure>\n\n\n\n<p>En 3e F,  les \u00e9l\u00e8ves ont particip\u00e9 \u00e0 toutes les \u00e9tapes de la r\u00e9alisation d&rsquo;un film : sc\u00e9nario, r\u00e9alisation, tournage, jeu d\u2019acteur, montage, synchronisation image\/son et travail sur la colorim\u00e9trie.<\/p>\n\n\n\n<p>Le projet s\u2019appuie sur l\u2019histoire de l\u2019art, avec l\u2019\u00e9tude du th\u00e8me de l\u2019horreur via F.W. Murnau.<\/p>\n\n\n\n<p>Cela permet de travailler la cr\u00e9ation, la technique, l\u2019analyse d\u2019images et le travail en \u00e9quipe, tout en d\u00e9veloppant la cr\u00e9ativit\u00e9 et la communication visuelle.<\/p>\n","protected":false},"excerpt":{"rendered":"<p>Pourquoi faire un film en arts plastiques ? En 3e F, les \u00e9l\u00e8ves ont particip\u00e9 \u00e0 toutes les \u00e9tapes de la r\u00e9alisation d&rsquo;un film : sc\u00e9nario, r\u00e9alisation, tournage, jeu d\u2019acteur, montage, synchronisation image\/son et travail sur la colorim\u00e9trie. Le projet s\u2019appuie sur l\u2019histoire de l\u2019art, avec l\u2019\u00e9tude du th\u00e8me de l\u2019horreur via F.W. Murnau. Cela&#8230;<\/p>\n<p class=\"more-link-wrap\"><a href=\"https:\/\/vtest1.college-lapierre.fr\/?p=11376\" class=\"more-link\">Read More<span class=\"screen-reader-text\"> &ldquo;Court-m\u00e9trage : \u00ab\u00a0Entre les mots et la mort\u00a0\u00bb&rdquo;<\/span> &raquo;<\/a><\/p>\n","protected":false},"author":116,"featured_media":0,"comment_status":"closed","ping_status":"closed","sticky":false,"template":"","format":"standard","meta":{"footnotes":""},"categories":[39,54,38],"tags":[],"class_list":["post-11376","post","type-post","status-publish","format-standard","hentry","category-education-artistique","category-projets","category-pedagogie"],"_links":{"self":[{"href":"https:\/\/vtest1.college-lapierre.fr\/index.php?rest_route=\/wp\/v2\/posts\/11376","targetHints":{"allow":["GET"]}}],"collection":[{"href":"https:\/\/vtest1.college-lapierre.fr\/index.php?rest_route=\/wp\/v2\/posts"}],"about":[{"href":"https:\/\/vtest1.college-lapierre.fr\/index.php?rest_route=\/wp\/v2\/types\/post"}],"author":[{"embeddable":true,"href":"https:\/\/vtest1.college-lapierre.fr\/index.php?rest_route=\/wp\/v2\/users\/116"}],"replies":[{"embeddable":true,"href":"https:\/\/vtest1.college-lapierre.fr\/index.php?rest_route=%2Fwp%2Fv2%2Fcomments&post=11376"}],"version-history":[{"count":1,"href":"https:\/\/vtest1.college-lapierre.fr\/index.php?rest_route=\/wp\/v2\/posts\/11376\/revisions"}],"predecessor-version":[{"id":11379,"href":"https:\/\/vtest1.college-lapierre.fr\/index.php?rest_route=\/wp\/v2\/posts\/11376\/revisions\/11379"}],"wp:attachment":[{"href":"https:\/\/vtest1.college-lapierre.fr\/index.php?rest_route=%2Fwp%2Fv2%2Fmedia&parent=11376"}],"wp:term":[{"taxonomy":"category","embeddable":true,"href":"https:\/\/vtest1.college-lapierre.fr\/index.php?rest_route=%2Fwp%2Fv2%2Fcategories&post=11376"},{"taxonomy":"post_tag","embeddable":true,"href":"https:\/\/vtest1.college-lapierre.fr\/index.php?rest_route=%2Fwp%2Fv2%2Ftags&post=11376"}],"curies":[{"name":"wp","href":"https:\/\/api.w.org\/{rel}","templated":true}]}}