{"id":11586,"date":"2025-10-19T09:19:20","date_gmt":"2025-10-19T07:19:20","guid":{"rendered":"https:\/\/vtest1.college-lapierre.fr\/?p=11586"},"modified":"2025-11-30T13:48:32","modified_gmt":"2025-11-30T11:48:32","slug":"dia-de-la-hispanidad-2","status":"publish","type":"post","link":"https:\/\/vtest1.college-lapierre.fr\/?p=11586","title":{"rendered":"D\u00eda de la hispanidad"},"content":{"rendered":"\n<p>Ce lundi 13 octobre, l&rsquo;\u00e9quipe d&rsquo;espagnol a propos\u00e9 une journ\u00e9e \u00e0 th\u00e8me au coll\u00e8ge! <\/p>\n\n\n\n<figure class=\"wp-block-image size-large\"><img loading=\"lazy\" decoding=\"async\" width=\"1024\" height=\"768\" src=\"https:\/\/vtest1.college-lapierre.fr\/wp-content\/uploads\/2025\/10\/IMG20251011084814-1024x768.jpg\" alt=\"\" class=\"wp-image-11613\" srcset=\"https:\/\/vtest1.college-lapierre.fr\/wp-content\/uploads\/2025\/10\/IMG20251011084814-1024x768.jpg 1024w, https:\/\/vtest1.college-lapierre.fr\/wp-content\/uploads\/2025\/10\/IMG20251011084814-300x225.jpg 300w, https:\/\/vtest1.college-lapierre.fr\/wp-content\/uploads\/2025\/10\/IMG20251011084814-768x576.jpg 768w, https:\/\/vtest1.college-lapierre.fr\/wp-content\/uploads\/2025\/10\/IMG20251011084814-1536x1152.jpg 1536w, https:\/\/vtest1.college-lapierre.fr\/wp-content\/uploads\/2025\/10\/IMG20251011084814-2048x1536.jpg 2048w\" sizes=\"auto, (max-width: 1024px) 100vw, 1024px\" \/><\/figure>\n\n\n\n<p>Le 12 octobre est le  jour de la f\u00eate nationale espagnole. Il est \u00e9galement c\u00e9l\u00e9br\u00e9 dans l&rsquo;ensemble du monde hispanique puisque la date correspond \u00e0 la \u00ab\u00a0d\u00e9couverte\u00a0\u00bb de l&rsquo;Am\u00e9rique par Christophe Colomb.  L&rsquo;occasion \u00e9tait toute trouv\u00e9e pour cette journ\u00e9e!<\/p>\n\n\n\n<figure class=\"wp-block-image size-large\"><img loading=\"lazy\" decoding=\"async\" width=\"1024\" height=\"768\" src=\"https:\/\/vtest1.college-lapierre.fr\/wp-content\/uploads\/2025\/10\/IMG20251016094138-1024x768.jpg\" alt=\"\" class=\"wp-image-11610\" srcset=\"https:\/\/vtest1.college-lapierre.fr\/wp-content\/uploads\/2025\/10\/IMG20251016094138-1024x768.jpg 1024w, https:\/\/vtest1.college-lapierre.fr\/wp-content\/uploads\/2025\/10\/IMG20251016094138-300x225.jpg 300w, https:\/\/vtest1.college-lapierre.fr\/wp-content\/uploads\/2025\/10\/IMG20251016094138-768x576.jpg 768w, https:\/\/vtest1.college-lapierre.fr\/wp-content\/uploads\/2025\/10\/IMG20251016094138-1536x1152.jpg 1536w, https:\/\/vtest1.college-lapierre.fr\/wp-content\/uploads\/2025\/10\/IMG20251016094138-2048x1536.jpg 2048w\" sizes=\"auto, (max-width: 1024px) 100vw, 1024px\" \/><figcaption class=\"wp-element-caption\">Le couloir des salles d&rsquo;espagnol d\u00e9cor\u00e9 pour l&rsquo;occasion<\/figcaption><\/figure>\n\n\n\n<figure class=\"wp-block-image size-large\"><img loading=\"lazy\" decoding=\"async\" width=\"768\" height=\"1024\" src=\"https:\/\/vtest1.college-lapierre.fr\/wp-content\/uploads\/2025\/10\/IMG20251016094127-768x1024.jpg\" alt=\"\" class=\"wp-image-11611\" srcset=\"https:\/\/vtest1.college-lapierre.fr\/wp-content\/uploads\/2025\/10\/IMG20251016094127-768x1024.jpg 768w, https:\/\/vtest1.college-lapierre.fr\/wp-content\/uploads\/2025\/10\/IMG20251016094127-225x300.jpg 225w, https:\/\/vtest1.college-lapierre.fr\/wp-content\/uploads\/2025\/10\/IMG20251016094127-1152x1536.jpg 1152w, https:\/\/vtest1.college-lapierre.fr\/wp-content\/uploads\/2025\/10\/IMG20251016094127-1536x2048.jpg 1536w, https:\/\/vtest1.college-lapierre.fr\/wp-content\/uploads\/2025\/10\/IMG20251016094127-scaled.jpg 1920w\" sizes=\"auto, (max-width: 768px) 100vw, 768px\" \/><\/figure>\n\n\n\n<figure class=\"wp-block-image size-large\"><img loading=\"lazy\" decoding=\"async\" width=\"591\" height=\"1024\" src=\"https:\/\/vtest1.college-lapierre.fr\/wp-content\/uploads\/2025\/10\/IMG_20251013_174114-591x1024.jpg\" alt=\"\" class=\"wp-image-11612\" srcset=\"https:\/\/vtest1.college-lapierre.fr\/wp-content\/uploads\/2025\/10\/IMG_20251013_174114-591x1024.jpg 591w, https:\/\/vtest1.college-lapierre.fr\/wp-content\/uploads\/2025\/10\/IMG_20251013_174114-173x300.jpg 173w, https:\/\/vtest1.college-lapierre.fr\/wp-content\/uploads\/2025\/10\/IMG_20251013_174114-768x1330.jpg 768w, https:\/\/vtest1.college-lapierre.fr\/wp-content\/uploads\/2025\/10\/IMG_20251013_174114-887x1536.jpg 887w, https:\/\/vtest1.college-lapierre.fr\/wp-content\/uploads\/2025\/10\/IMG_20251013_174114-1183x2048.jpg 1183w, https:\/\/vtest1.college-lapierre.fr\/wp-content\/uploads\/2025\/10\/IMG_20251013_174114.jpg 1226w\" sizes=\"auto, (max-width: 591px) 100vw, 591px\" \/><\/figure>\n\n\n\n<p>Il a \u00e9t\u00e9 propos\u00e9 aux \u00e9l\u00e8ves comme aux adultes de venir avec une touche de couleur rouge et\/ou jaune en r\u00e9f\u00e9rence au drapeau espagnol. De nombreux professeurs et \u00e9l\u00e8ves ont jou\u00e9 le jeu, de la fleur discr\u00e8te dans les cheveux \u00e0 la tenue compl\u00e8te&#8230;Un grand merci pour cet engagement color\u00e9! <\/p>\n\n\n\n<figure class=\"wp-block-image size-large\"><img loading=\"lazy\" decoding=\"async\" width=\"768\" height=\"1024\" src=\"https:\/\/vtest1.college-lapierre.fr\/wp-content\/uploads\/2025\/10\/IMG_20251019_085515-768x1024.jpg\" alt=\"\" class=\"wp-image-11617\" srcset=\"https:\/\/vtest1.college-lapierre.fr\/wp-content\/uploads\/2025\/10\/IMG_20251019_085515-768x1024.jpg 768w, https:\/\/vtest1.college-lapierre.fr\/wp-content\/uploads\/2025\/10\/IMG_20251019_085515-225x300.jpg 225w, https:\/\/vtest1.college-lapierre.fr\/wp-content\/uploads\/2025\/10\/IMG_20251019_085515-1152x1536.jpg 1152w, https:\/\/vtest1.college-lapierre.fr\/wp-content\/uploads\/2025\/10\/IMG_20251019_085515-1536x2048.jpg 1536w, https:\/\/vtest1.college-lapierre.fr\/wp-content\/uploads\/2025\/10\/IMG_20251019_085515-scaled.jpg 1920w\" sizes=\"auto, (max-width: 768px) 100vw, 768px\" \/><figcaption class=\"wp-element-caption\">La danseuse de flamenco, symbole de l&rsquo;Espagnole, version prof et \u00e9l\u00e8ve! <\/figcaption><\/figure>\n\n\n\n<figure class=\"wp-block-image size-large is-resized\"><img loading=\"lazy\" decoding=\"async\" width=\"301\" height=\"1024\" src=\"https:\/\/vtest1.college-lapierre.fr\/wp-content\/uploads\/2025\/10\/IMG_20251013_075251-301x1024.jpg\" alt=\"\" class=\"wp-image-11620\" style=\"width:652px\" srcset=\"https:\/\/vtest1.college-lapierre.fr\/wp-content\/uploads\/2025\/10\/IMG_20251013_075251-301x1024.jpg 301w, https:\/\/vtest1.college-lapierre.fr\/wp-content\/uploads\/2025\/10\/IMG_20251013_075251-88x300.jpg 88w, https:\/\/vtest1.college-lapierre.fr\/wp-content\/uploads\/2025\/10\/IMG_20251013_075251-768x2614.jpg 768w, https:\/\/vtest1.college-lapierre.fr\/wp-content\/uploads\/2025\/10\/IMG_20251013_075251-451x1536.jpg 451w, https:\/\/vtest1.college-lapierre.fr\/wp-content\/uploads\/2025\/10\/IMG_20251013_075251-602x2048.jpg 602w, https:\/\/vtest1.college-lapierre.fr\/wp-content\/uploads\/2025\/10\/IMG_20251013_075251-scaled.jpg 752w\" sizes=\"auto, (max-width: 301px) 100vw, 301px\" \/><\/figure>\n\n\n\n<figure class=\"wp-block-image size-large\"><img loading=\"lazy\" decoding=\"async\" width=\"768\" height=\"1024\" src=\"https:\/\/vtest1.college-lapierre.fr\/wp-content\/uploads\/2025\/10\/IMG_20251013_173815-768x1024.jpg\" alt=\"\" class=\"wp-image-11598\" srcset=\"https:\/\/vtest1.college-lapierre.fr\/wp-content\/uploads\/2025\/10\/IMG_20251013_173815-768x1024.jpg 768w, https:\/\/vtest1.college-lapierre.fr\/wp-content\/uploads\/2025\/10\/IMG_20251013_173815-225x300.jpg 225w, https:\/\/vtest1.college-lapierre.fr\/wp-content\/uploads\/2025\/10\/IMG_20251013_173815-1152x1536.jpg 1152w, https:\/\/vtest1.college-lapierre.fr\/wp-content\/uploads\/2025\/10\/IMG_20251013_173815-1536x2048.jpg 1536w, https:\/\/vtest1.college-lapierre.fr\/wp-content\/uploads\/2025\/10\/IMG_20251013_173815-scaled.jpg 1920w\" sizes=\"auto, (max-width: 768px) 100vw, 768px\" \/><figcaption class=\"wp-element-caption\">Une participation des adultes comme des \u00e9l\u00e8ves! <\/figcaption><\/figure>\n\n\n\n<p>Les \u00e9l\u00e8ves ont pu s&rsquo;essayer \u00e0 un rallye culturel. A l&rsquo;aide des affiches positionn\u00e9es dans le coll\u00e8ge, ils avaient un quiz \u00e0 remplir pour en apprendre davantage sur l&rsquo;Histoire de la colonisation et le rayonnement de l&rsquo;espagnol. De nombreux volontaires ont rendu leurs fiches en \u00e9change d&rsquo;une petite r\u00e9compense! <\/p>\n\n\n\n<figure class=\"wp-block-image size-large\"><img loading=\"lazy\" decoding=\"async\" width=\"768\" height=\"1024\" src=\"https:\/\/vtest1.college-lapierre.fr\/wp-content\/uploads\/2025\/10\/IMG20251016100107-768x1024.jpg\" alt=\"\" class=\"wp-image-11608\" srcset=\"https:\/\/vtest1.college-lapierre.fr\/wp-content\/uploads\/2025\/10\/IMG20251016100107-768x1024.jpg 768w, https:\/\/vtest1.college-lapierre.fr\/wp-content\/uploads\/2025\/10\/IMG20251016100107-225x300.jpg 225w, https:\/\/vtest1.college-lapierre.fr\/wp-content\/uploads\/2025\/10\/IMG20251016100107-1152x1536.jpg 1152w, https:\/\/vtest1.college-lapierre.fr\/wp-content\/uploads\/2025\/10\/IMG20251016100107-1536x2048.jpg 1536w, https:\/\/vtest1.college-lapierre.fr\/wp-content\/uploads\/2025\/10\/IMG20251016100107-scaled.jpg 1920w\" sizes=\"auto, (max-width: 768px) 100vw, 768px\" \/><\/figure>\n\n\n\n<p>Sur la pause m\u00e9ridienne, des ateliers jeux ont \u00e9t\u00e9 propos\u00e9s sur fond musical et au rythme de la \u00ab\u00a0musique des jeunes\u00a0\u00bb comme nous l&rsquo;a fait remarquer une \u00e9l\u00e8ve de 5e! M\u00eame la sonnerie a retenti en espagnol ce lundi! <\/p>\n\n\n\n<figure class=\"wp-block-image size-large\"><img loading=\"lazy\" decoding=\"async\" width=\"768\" height=\"1024\" src=\"https:\/\/vtest1.college-lapierre.fr\/wp-content\/uploads\/2025\/10\/IMG_20251013_174427-768x1024.jpg\" alt=\"\" class=\"wp-image-11603\" srcset=\"https:\/\/vtest1.college-lapierre.fr\/wp-content\/uploads\/2025\/10\/IMG_20251013_174427-768x1024.jpg 768w, https:\/\/vtest1.college-lapierre.fr\/wp-content\/uploads\/2025\/10\/IMG_20251013_174427-225x300.jpg 225w, https:\/\/vtest1.college-lapierre.fr\/wp-content\/uploads\/2025\/10\/IMG_20251013_174427-1152x1536.jpg 1152w, https:\/\/vtest1.college-lapierre.fr\/wp-content\/uploads\/2025\/10\/IMG_20251013_174427-1536x2048.jpg 1536w, https:\/\/vtest1.college-lapierre.fr\/wp-content\/uploads\/2025\/10\/IMG_20251013_174427-scaled.jpg 1920w\" sizes=\"auto, (max-width: 768px) 100vw, 768px\" \/><\/figure>\n\n\n\n<p> M\u00e9mory, dobble, puzzle, chants&#8230;des activit\u00e9s ludiques qui ont rencontr\u00e9 un franc succ\u00e8s. Bravo et merci aux \u00e9l\u00e8ves volontaires qui ont tenu les stands. Merci \u00e0 tous les participants d&rsquo;avoir respect\u00e9 le mat\u00e9riel, les r\u00e8gles et le principe. C&rsquo;est une belle r\u00e9ussite qui donne envie de recommencer!<\/p>\n\n\n\n<figure class=\"wp-block-image size-large\"><img loading=\"lazy\" decoding=\"async\" width=\"768\" height=\"1024\" src=\"https:\/\/vtest1.college-lapierre.fr\/wp-content\/uploads\/2025\/10\/IMG_20251013_173855-768x1024.jpg\" alt=\"\" class=\"wp-image-11602\" srcset=\"https:\/\/vtest1.college-lapierre.fr\/wp-content\/uploads\/2025\/10\/IMG_20251013_173855-768x1024.jpg 768w, https:\/\/vtest1.college-lapierre.fr\/wp-content\/uploads\/2025\/10\/IMG_20251013_173855-225x300.jpg 225w, https:\/\/vtest1.college-lapierre.fr\/wp-content\/uploads\/2025\/10\/IMG_20251013_173855-1152x1536.jpg 1152w, https:\/\/vtest1.college-lapierre.fr\/wp-content\/uploads\/2025\/10\/IMG_20251013_173855-1536x2048.jpg 1536w, https:\/\/vtest1.college-lapierre.fr\/wp-content\/uploads\/2025\/10\/IMG_20251013_173855-scaled.jpg 1920w\" sizes=\"auto, (max-width: 768px) 100vw, 768px\" \/><figcaption class=\"wp-element-caption\">Atelier m\u00e9mory \u00ab\u00a0los transportes\u00a0\u00bb<\/figcaption><\/figure>\n\n\n\n<figure class=\"wp-block-image size-large\"><img loading=\"lazy\" decoding=\"async\" width=\"821\" height=\"1024\" src=\"https:\/\/vtest1.college-lapierre.fr\/wp-content\/uploads\/2025\/10\/IMG_20251013_174523-821x1024.jpg\" alt=\"\" class=\"wp-image-11601\" srcset=\"https:\/\/vtest1.college-lapierre.fr\/wp-content\/uploads\/2025\/10\/IMG_20251013_174523-821x1024.jpg 821w, https:\/\/vtest1.college-lapierre.fr\/wp-content\/uploads\/2025\/10\/IMG_20251013_174523-240x300.jpg 240w, https:\/\/vtest1.college-lapierre.fr\/wp-content\/uploads\/2025\/10\/IMG_20251013_174523-768x958.jpg 768w, https:\/\/vtest1.college-lapierre.fr\/wp-content\/uploads\/2025\/10\/IMG_20251013_174523-1231x1536.jpg 1231w, https:\/\/vtest1.college-lapierre.fr\/wp-content\/uploads\/2025\/10\/IMG_20251013_174523-1641x2048.jpg 1641w\" sizes=\"auto, (max-width: 821px) 100vw, 821px\" \/><figcaption class=\"wp-element-caption\">R\u00e9vision ludique: le vocabulaire de la ferme (la granja)<\/figcaption><\/figure>\n\n\n\n<figure class=\"wp-block-image size-large\"><img loading=\"lazy\" decoding=\"async\" width=\"768\" height=\"1024\" src=\"https:\/\/vtest1.college-lapierre.fr\/wp-content\/uploads\/2025\/10\/IMG20251013130926-768x1024.jpg\" alt=\"\" class=\"wp-image-11599\" srcset=\"https:\/\/vtest1.college-lapierre.fr\/wp-content\/uploads\/2025\/10\/IMG20251013130926-768x1024.jpg 768w, https:\/\/vtest1.college-lapierre.fr\/wp-content\/uploads\/2025\/10\/IMG20251013130926-225x300.jpg 225w, https:\/\/vtest1.college-lapierre.fr\/wp-content\/uploads\/2025\/10\/IMG20251013130926-1152x1536.jpg 1152w, https:\/\/vtest1.college-lapierre.fr\/wp-content\/uploads\/2025\/10\/IMG20251013130926-1536x2048.jpg 1536w, https:\/\/vtest1.college-lapierre.fr\/wp-content\/uploads\/2025\/10\/IMG20251013130926-scaled.jpg 1920w\" sizes=\"auto, (max-width: 768px) 100vw, 768px\" \/><\/figure>\n\n\n\n<figure class=\"wp-block-image size-large\"><img loading=\"lazy\" decoding=\"async\" width=\"768\" height=\"1024\" src=\"https:\/\/vtest1.college-lapierre.fr\/wp-content\/uploads\/2025\/10\/IMG20251013130107-768x1024.jpg\" alt=\"\" class=\"wp-image-11597\" srcset=\"https:\/\/vtest1.college-lapierre.fr\/wp-content\/uploads\/2025\/10\/IMG20251013130107-768x1024.jpg 768w, https:\/\/vtest1.college-lapierre.fr\/wp-content\/uploads\/2025\/10\/IMG20251013130107-225x300.jpg 225w, https:\/\/vtest1.college-lapierre.fr\/wp-content\/uploads\/2025\/10\/IMG20251013130107-1152x1536.jpg 1152w, https:\/\/vtest1.college-lapierre.fr\/wp-content\/uploads\/2025\/10\/IMG20251013130107-1536x2048.jpg 1536w, https:\/\/vtest1.college-lapierre.fr\/wp-content\/uploads\/2025\/10\/IMG20251013130107-scaled.jpg 1920w\" sizes=\"auto, (max-width: 768px) 100vw, 768px\" \/><figcaption class=\"wp-element-caption\">Atelier puzzle: Retrouve les autonomies espagnoles!<\/figcaption><\/figure>\n\n\n\n<p>Les coll\u00e8gues ont mis leur savoir et leur talent au service de cette journ\u00e9e, certains avec guitare et voix, d&rsquo;autres en incluant une th\u00e9matique hispanique dans leurs cours. En classe par exemple, les latinistes ont fait des ponts entre les deux langues, en espagnol, ils ont pu visionner les c\u00e9l\u00e9brations  de la veille \u00e0 Madrid ou encore faire de petites activit\u00e9s telles que les coloriages magiques (5E, apprentissage des couleurs) ou des mots m\u00eal\u00e9s sur le th\u00e8me de la \u00ab\u00a0conquista\u00a0\u00bb et de la \u00ab\u00a0hispanidad\u00a0\u00bb, voir l&rsquo;exposition plac\u00e9e \u00e0 l&rsquo;agora&#8230;<\/p>\n\n\n\n<figure class=\"wp-block-image size-large\"><img loading=\"lazy\" decoding=\"async\" width=\"1024\" height=\"768\" src=\"https:\/\/vtest1.college-lapierre.fr\/wp-content\/uploads\/2025\/10\/IMG_20251013_173711-1024x768.jpg\" alt=\"\" class=\"wp-image-11600\" srcset=\"https:\/\/vtest1.college-lapierre.fr\/wp-content\/uploads\/2025\/10\/IMG_20251013_173711-1024x768.jpg 1024w, https:\/\/vtest1.college-lapierre.fr\/wp-content\/uploads\/2025\/10\/IMG_20251013_173711-300x225.jpg 300w, https:\/\/vtest1.college-lapierre.fr\/wp-content\/uploads\/2025\/10\/IMG_20251013_173711-768x576.jpg 768w, https:\/\/vtest1.college-lapierre.fr\/wp-content\/uploads\/2025\/10\/IMG_20251013_173711-1536x1152.jpg 1536w, https:\/\/vtest1.college-lapierre.fr\/wp-content\/uploads\/2025\/10\/IMG_20251013_173711-2048x1536.jpg 2048w\" sizes=\"auto, (max-width: 1024px) 100vw, 1024px\" \/><figcaption class=\"wp-element-caption\">A cantar! quand le prof d&rsquo;anglais chante espagnol! \ud83d\ude0b <\/figcaption><\/figure>\n\n\n\n<figure class=\"wp-block-image size-large\"><img loading=\"lazy\" decoding=\"async\" width=\"1024\" height=\"460\" src=\"https:\/\/vtest1.college-lapierre.fr\/wp-content\/uploads\/2025\/10\/IMG_20251019_090000-1024x460.jpg\" alt=\"\" class=\"wp-image-11619\" srcset=\"https:\/\/vtest1.college-lapierre.fr\/wp-content\/uploads\/2025\/10\/IMG_20251019_090000-1024x460.jpg 1024w, https:\/\/vtest1.college-lapierre.fr\/wp-content\/uploads\/2025\/10\/IMG_20251019_090000-300x135.jpg 300w, https:\/\/vtest1.college-lapierre.fr\/wp-content\/uploads\/2025\/10\/IMG_20251019_090000-768x345.jpg 768w, https:\/\/vtest1.college-lapierre.fr\/wp-content\/uploads\/2025\/10\/IMG_20251019_090000-1536x691.jpg 1536w, https:\/\/vtest1.college-lapierre.fr\/wp-content\/uploads\/2025\/10\/IMG_20251019_090000-2048x921.jpg 2048w\" sizes=\"auto, (max-width: 1024px) 100vw, 1024px\" \/><\/figure>\n\n\n\n<figure class=\"wp-block-image size-large\"><img loading=\"lazy\" decoding=\"async\" width=\"768\" height=\"1024\" src=\"https:\/\/vtest1.college-lapierre.fr\/wp-content\/uploads\/2025\/10\/IMG20251016095142-768x1024.jpg\" alt=\"\" class=\"wp-image-11609\" srcset=\"https:\/\/vtest1.college-lapierre.fr\/wp-content\/uploads\/2025\/10\/IMG20251016095142-768x1024.jpg 768w, https:\/\/vtest1.college-lapierre.fr\/wp-content\/uploads\/2025\/10\/IMG20251016095142-225x300.jpg 225w, https:\/\/vtest1.college-lapierre.fr\/wp-content\/uploads\/2025\/10\/IMG20251016095142-1152x1536.jpg 1152w, https:\/\/vtest1.college-lapierre.fr\/wp-content\/uploads\/2025\/10\/IMG20251016095142-1536x2048.jpg 1536w, https:\/\/vtest1.college-lapierre.fr\/wp-content\/uploads\/2025\/10\/IMG20251016095142-scaled.jpg 1920w\" sizes=\"auto, (max-width: 768px) 100vw, 768px\" \/><figcaption class=\"wp-element-caption\">Exposition culturelle dans l&rsquo;agora<\/figcaption><\/figure>\n\n\n\n<p>Le chef et son \u00e9quipe nous ont r\u00e9gal\u00e9s avec un excellent menu, tr\u00e8s bien cuisin\u00e9 et servi avec le sourire et des personnels et une cantine largement dans le th\u00e8me! (calots, d\u00e9co, nappes&#8230;)<\/p>\n\n\n\n<figure class=\"wp-block-image size-large\"><img loading=\"lazy\" decoding=\"async\" width=\"1024\" height=\"768\" src=\"https:\/\/vtest1.college-lapierre.fr\/wp-content\/uploads\/2025\/10\/IMG20251011084822-1024x768.jpg\" alt=\"\" class=\"wp-image-11614\" srcset=\"https:\/\/vtest1.college-lapierre.fr\/wp-content\/uploads\/2025\/10\/IMG20251011084822-1024x768.jpg 1024w, https:\/\/vtest1.college-lapierre.fr\/wp-content\/uploads\/2025\/10\/IMG20251011084822-300x225.jpg 300w, https:\/\/vtest1.college-lapierre.fr\/wp-content\/uploads\/2025\/10\/IMG20251011084822-768x576.jpg 768w, https:\/\/vtest1.college-lapierre.fr\/wp-content\/uploads\/2025\/10\/IMG20251011084822-1536x1152.jpg 1536w, https:\/\/vtest1.college-lapierre.fr\/wp-content\/uploads\/2025\/10\/IMG20251011084822-2048x1536.jpg 2048w\" sizes=\"auto, (max-width: 1024px) 100vw, 1024px\" \/><\/figure>\n\n\n\n<figure class=\"wp-block-image size-large\"><img loading=\"lazy\" decoding=\"async\" width=\"768\" height=\"1024\" src=\"https:\/\/vtest1.college-lapierre.fr\/wp-content\/uploads\/2025\/10\/IMG20251011084836-768x1024.jpg\" alt=\"\" class=\"wp-image-11616\" srcset=\"https:\/\/vtest1.college-lapierre.fr\/wp-content\/uploads\/2025\/10\/IMG20251011084836-768x1024.jpg 768w, https:\/\/vtest1.college-lapierre.fr\/wp-content\/uploads\/2025\/10\/IMG20251011084836-225x300.jpg 225w, https:\/\/vtest1.college-lapierre.fr\/wp-content\/uploads\/2025\/10\/IMG20251011084836-1152x1536.jpg 1152w, https:\/\/vtest1.college-lapierre.fr\/wp-content\/uploads\/2025\/10\/IMG20251011084836-1536x2048.jpg 1536w, https:\/\/vtest1.college-lapierre.fr\/wp-content\/uploads\/2025\/10\/IMG20251011084836-scaled.jpg 1920w\" sizes=\"auto, (max-width: 768px) 100vw, 768px\" \/><\/figure>\n\n\n\n<figure class=\"wp-block-gallery has-nested-images columns-default is-cropped wp-block-gallery-1 is-layout-flex wp-block-gallery-is-layout-flex\">\n<figure class=\"wp-block-image size-large\"><img loading=\"lazy\" decoding=\"async\" width=\"768\" height=\"1024\" data-id=\"11605\" src=\"https:\/\/vtest1.college-lapierre.fr\/wp-content\/uploads\/2025\/10\/IMG20251013120051-768x1024.jpg\" alt=\"\" class=\"wp-image-11605\" srcset=\"https:\/\/vtest1.college-lapierre.fr\/wp-content\/uploads\/2025\/10\/IMG20251013120051-768x1024.jpg 768w, https:\/\/vtest1.college-lapierre.fr\/wp-content\/uploads\/2025\/10\/IMG20251013120051-225x300.jpg 225w, https:\/\/vtest1.college-lapierre.fr\/wp-content\/uploads\/2025\/10\/IMG20251013120051-1152x1536.jpg 1152w, https:\/\/vtest1.college-lapierre.fr\/wp-content\/uploads\/2025\/10\/IMG20251013120051-1536x2048.jpg 1536w, https:\/\/vtest1.college-lapierre.fr\/wp-content\/uploads\/2025\/10\/IMG20251013120051-scaled.jpg 1920w\" sizes=\"auto, (max-width: 768px) 100vw, 768px\" \/><\/figure>\n<\/figure>\n\n\n\n<figure class=\"wp-block-image size-large\"><img loading=\"lazy\" decoding=\"async\" width=\"768\" height=\"1024\" src=\"https:\/\/vtest1.college-lapierre.fr\/wp-content\/uploads\/2025\/10\/IMG20251013121326-768x1024.jpg\" alt=\"\" class=\"wp-image-11606\" srcset=\"https:\/\/vtest1.college-lapierre.fr\/wp-content\/uploads\/2025\/10\/IMG20251013121326-768x1024.jpg 768w, https:\/\/vtest1.college-lapierre.fr\/wp-content\/uploads\/2025\/10\/IMG20251013121326-225x300.jpg 225w, https:\/\/vtest1.college-lapierre.fr\/wp-content\/uploads\/2025\/10\/IMG20251013121326-1152x1536.jpg 1152w, https:\/\/vtest1.college-lapierre.fr\/wp-content\/uploads\/2025\/10\/IMG20251013121326-1536x2048.jpg 1536w, https:\/\/vtest1.college-lapierre.fr\/wp-content\/uploads\/2025\/10\/IMG20251013121326-scaled.jpg 1920w\" sizes=\"auto, (max-width: 768px) 100vw, 768px\" \/><\/figure>\n\n\n\n<figure class=\"wp-block-image size-large\"><img loading=\"lazy\" decoding=\"async\" width=\"768\" height=\"1024\" src=\"https:\/\/vtest1.college-lapierre.fr\/wp-content\/uploads\/2025\/10\/IMG_20251013_174043-768x1024.jpg\" alt=\"\" class=\"wp-image-11607\" srcset=\"https:\/\/vtest1.college-lapierre.fr\/wp-content\/uploads\/2025\/10\/IMG_20251013_174043-768x1024.jpg 768w, https:\/\/vtest1.college-lapierre.fr\/wp-content\/uploads\/2025\/10\/IMG_20251013_174043-225x300.jpg 225w, https:\/\/vtest1.college-lapierre.fr\/wp-content\/uploads\/2025\/10\/IMG_20251013_174043-1152x1536.jpg 1152w, https:\/\/vtest1.college-lapierre.fr\/wp-content\/uploads\/2025\/10\/IMG_20251013_174043-1536x2048.jpg 1536w, https:\/\/vtest1.college-lapierre.fr\/wp-content\/uploads\/2025\/10\/IMG_20251013_174043-scaled.jpg 1920w\" sizes=\"auto, (max-width: 768px) 100vw, 768px\" \/><figcaption class=\"wp-element-caption\">Tapas, paella et cr\u00e8me catalane pour r\u00e9galer petits et grands! <\/figcaption><\/figure>\n\n\n\n<figure class=\"wp-block-gallery has-nested-images columns-default is-cropped wp-block-gallery-2 is-layout-flex wp-block-gallery-is-layout-flex\">\n<figure class=\"wp-block-image size-large\"><img loading=\"lazy\" decoding=\"async\" width=\"768\" height=\"1024\" data-id=\"11624\" src=\"https:\/\/vtest1.college-lapierre.fr\/wp-content\/uploads\/2025\/10\/IMG_20251019_085826-1-768x1024.jpg\" alt=\"\" class=\"wp-image-11624\" srcset=\"https:\/\/vtest1.college-lapierre.fr\/wp-content\/uploads\/2025\/10\/IMG_20251019_085826-1-768x1024.jpg 768w, https:\/\/vtest1.college-lapierre.fr\/wp-content\/uploads\/2025\/10\/IMG_20251019_085826-1-225x300.jpg 225w, https:\/\/vtest1.college-lapierre.fr\/wp-content\/uploads\/2025\/10\/IMG_20251019_085826-1-1152x1536.jpg 1152w, https:\/\/vtest1.college-lapierre.fr\/wp-content\/uploads\/2025\/10\/IMG_20251019_085826-1.jpg 1536w\" sizes=\"auto, (max-width: 768px) 100vw, 768px\" \/><\/figure>\n<\/figure>\n\n\n\n<p>Une premi\u00e8re \u00e9dition r\u00e9ussie gr\u00e2ce \u00e0 l&rsquo;engagement de tous! Un grand merci! <\/p>\n\n\n\n<p><\/p>\n\n\n\n<p><\/p>\n\n\n\n<p><\/p>\n","protected":false},"excerpt":{"rendered":"<p>Ce lundi 13 octobre, l&rsquo;\u00e9quipe d&rsquo;espagnol a propos\u00e9 une journ\u00e9e \u00e0 th\u00e8me au coll\u00e8ge! Le 12 octobre est le jour de la f\u00eate nationale espagnole. Il est \u00e9galement c\u00e9l\u00e9br\u00e9 dans l&rsquo;ensemble du monde hispanique puisque la date correspond \u00e0 la \u00ab\u00a0d\u00e9couverte\u00a0\u00bb de l&rsquo;Am\u00e9rique par Christophe Colomb. L&rsquo;occasion \u00e9tait toute trouv\u00e9e pour cette journ\u00e9e! Il a&#8230;<\/p>\n<p class=\"more-link-wrap\"><a href=\"https:\/\/vtest1.college-lapierre.fr\/?p=11586\" class=\"more-link\">Read More<span class=\"screen-reader-text\"> &ldquo;D\u00eda de la hispanidad&rdquo;<\/span> &raquo;<\/a><\/p>\n","protected":false},"author":157,"featured_media":11595,"comment_status":"closed","ping_status":"closed","sticky":false,"template":"","format":"standard","meta":{"footnotes":""},"categories":[23],"tags":[],"class_list":["post-11586","post","type-post","status-publish","format-standard","has-post-thumbnail","hentry","category-langues-vivante"],"_links":{"self":[{"href":"https:\/\/vtest1.college-lapierre.fr\/index.php?rest_route=\/wp\/v2\/posts\/11586","targetHints":{"allow":["GET"]}}],"collection":[{"href":"https:\/\/vtest1.college-lapierre.fr\/index.php?rest_route=\/wp\/v2\/posts"}],"about":[{"href":"https:\/\/vtest1.college-lapierre.fr\/index.php?rest_route=\/wp\/v2\/types\/post"}],"author":[{"embeddable":true,"href":"https:\/\/vtest1.college-lapierre.fr\/index.php?rest_route=\/wp\/v2\/users\/157"}],"replies":[{"embeddable":true,"href":"https:\/\/vtest1.college-lapierre.fr\/index.php?rest_route=%2Fwp%2Fv2%2Fcomments&post=11586"}],"version-history":[{"count":7,"href":"https:\/\/vtest1.college-lapierre.fr\/index.php?rest_route=\/wp\/v2\/posts\/11586\/revisions"}],"predecessor-version":[{"id":11714,"href":"https:\/\/vtest1.college-lapierre.fr\/index.php?rest_route=\/wp\/v2\/posts\/11586\/revisions\/11714"}],"wp:featuredmedia":[{"embeddable":true,"href":"https:\/\/vtest1.college-lapierre.fr\/index.php?rest_route=\/wp\/v2\/media\/11595"}],"wp:attachment":[{"href":"https:\/\/vtest1.college-lapierre.fr\/index.php?rest_route=%2Fwp%2Fv2%2Fmedia&parent=11586"}],"wp:term":[{"taxonomy":"category","embeddable":true,"href":"https:\/\/vtest1.college-lapierre.fr\/index.php?rest_route=%2Fwp%2Fv2%2Fcategories&post=11586"},{"taxonomy":"post_tag","embeddable":true,"href":"https:\/\/vtest1.college-lapierre.fr\/index.php?rest_route=%2Fwp%2Fv2%2Ftags&post=11586"}],"curies":[{"name":"wp","href":"https:\/\/api.w.org\/{rel}","templated":true}]}}