{"id":11696,"date":"2025-11-30T13:46:13","date_gmt":"2025-11-30T11:46:13","guid":{"rendered":"https:\/\/vtest1.college-lapierre.fr\/?p=11696"},"modified":"2025-11-30T13:49:44","modified_gmt":"2025-11-30T11:49:44","slug":"dia-de-los-muertos","status":"publish","type":"post","link":"https:\/\/vtest1.college-lapierre.fr\/?p=11696","title":{"rendered":"D\u00eda de los muertos"},"content":{"rendered":"\n<p>L&rsquo;automne est rythm\u00e9 par la tradition mexicaine de \u00ab\u00a0d\u00eda de los muertos\u00a0\u00bb dans le couloir des salles d&rsquo;espagnol du coll\u00e8ge Lapierre! <\/p>\n\n\n\n<figure class=\"wp-block-image size-large\"><img loading=\"lazy\" decoding=\"async\" width=\"768\" height=\"1024\" src=\"https:\/\/vtest1.college-lapierre.fr\/wp-content\/uploads\/2025\/11\/IMG20251017114004-768x1024.jpg\" alt=\"\" class=\"wp-image-11702\" srcset=\"https:\/\/vtest1.college-lapierre.fr\/wp-content\/uploads\/2025\/11\/IMG20251017114004-768x1024.jpg 768w, https:\/\/vtest1.college-lapierre.fr\/wp-content\/uploads\/2025\/11\/IMG20251017114004-225x300.jpg 225w, https:\/\/vtest1.college-lapierre.fr\/wp-content\/uploads\/2025\/11\/IMG20251017114004-1152x1536.jpg 1152w, https:\/\/vtest1.college-lapierre.fr\/wp-content\/uploads\/2025\/11\/IMG20251017114004-1536x2048.jpg 1536w, https:\/\/vtest1.college-lapierre.fr\/wp-content\/uploads\/2025\/11\/IMG20251017114004-scaled.jpg 1920w\" sizes=\"auto, (max-width: 768px) 100vw, 768px\" \/><\/figure>\n\n\n\n<figure class=\"wp-block-image size-large\"><img loading=\"lazy\" decoding=\"async\" width=\"768\" height=\"1024\" src=\"https:\/\/vtest1.college-lapierre.fr\/wp-content\/uploads\/2025\/11\/IMG20251016095103-768x1024.jpg\" alt=\"\" class=\"wp-image-11699\" srcset=\"https:\/\/vtest1.college-lapierre.fr\/wp-content\/uploads\/2025\/11\/IMG20251016095103-768x1024.jpg 768w, https:\/\/vtest1.college-lapierre.fr\/wp-content\/uploads\/2025\/11\/IMG20251016095103-225x300.jpg 225w, https:\/\/vtest1.college-lapierre.fr\/wp-content\/uploads\/2025\/11\/IMG20251016095103-1152x1536.jpg 1152w, https:\/\/vtest1.college-lapierre.fr\/wp-content\/uploads\/2025\/11\/IMG20251016095103-1536x2048.jpg 1536w, https:\/\/vtest1.college-lapierre.fr\/wp-content\/uploads\/2025\/11\/IMG20251016095103-scaled.jpg 1920w\" sizes=\"auto, (max-width: 768px) 100vw, 768px\" \/><\/figure>\n\n\n\n<p>Couloir et salles d\u00e9cor\u00e9s, s\u00e9quences compl\u00e8tes ou point culturel, tous les niveaux vivent quelques semaines au rythme de cette tradition que tous connaissent d\u00e9sormais notamment gr\u00e2ce au film d&rsquo;animation Coco. <\/p>\n\n\n\n<figure class=\"wp-block-image size-large\"><img loading=\"lazy\" decoding=\"async\" width=\"768\" height=\"1024\" src=\"https:\/\/vtest1.college-lapierre.fr\/wp-content\/uploads\/2025\/11\/IMG20251017075309-768x1024.jpg\" alt=\"\" class=\"wp-image-11700\" srcset=\"https:\/\/vtest1.college-lapierre.fr\/wp-content\/uploads\/2025\/11\/IMG20251017075309-768x1024.jpg 768w, https:\/\/vtest1.college-lapierre.fr\/wp-content\/uploads\/2025\/11\/IMG20251017075309-225x300.jpg 225w, https:\/\/vtest1.college-lapierre.fr\/wp-content\/uploads\/2025\/11\/IMG20251017075309-1152x1536.jpg 1152w, https:\/\/vtest1.college-lapierre.fr\/wp-content\/uploads\/2025\/11\/IMG20251017075309-1536x2048.jpg 1536w, https:\/\/vtest1.college-lapierre.fr\/wp-content\/uploads\/2025\/11\/IMG20251017075309-scaled.jpg 1920w\" sizes=\"auto, (max-width: 768px) 100vw, 768px\" \/><\/figure>\n\n\n\n<p>Une immersion dans la culture et la tradition mexicaine que les \u00e9l\u00e8ves appr\u00e9cient. Cette ann\u00e9e, un repas mexicain a \u00e9t\u00e9 propos\u00e9 \u00e0 la cantine suivi d&rsquo;une projection de courts m\u00e9trages. <\/p>\n\n\n\n<figure class=\"wp-block-image size-large\"><img loading=\"lazy\" decoding=\"async\" width=\"768\" height=\"1024\" src=\"https:\/\/vtest1.college-lapierre.fr\/wp-content\/uploads\/2025\/11\/IMG20251016095037-768x1024.jpg\" alt=\"\" class=\"wp-image-11698\" srcset=\"https:\/\/vtest1.college-lapierre.fr\/wp-content\/uploads\/2025\/11\/IMG20251016095037-768x1024.jpg 768w, https:\/\/vtest1.college-lapierre.fr\/wp-content\/uploads\/2025\/11\/IMG20251016095037-225x300.jpg 225w, https:\/\/vtest1.college-lapierre.fr\/wp-content\/uploads\/2025\/11\/IMG20251016095037-1152x1536.jpg 1152w, https:\/\/vtest1.college-lapierre.fr\/wp-content\/uploads\/2025\/11\/IMG20251016095037-1536x2048.jpg 1536w, https:\/\/vtest1.college-lapierre.fr\/wp-content\/uploads\/2025\/11\/IMG20251016095037-scaled.jpg 1920w\" sizes=\"auto, (max-width: 768px) 100vw, 768px\" \/><\/figure>\n\n\n\n<p>En classe, selon les niveaux, un travail a \u00e9t\u00e9 r\u00e9alis\u00e9 autour de la bande annonce de coco, d&rsquo;une chanson, de mots crois\u00e9s, de visionnage du d\u00e9fil\u00e9 ou encore d&rsquo;une s\u00e9quence d\u00e9di\u00e9e en 3e pour offrir une approche plus d\u00e9taill\u00e9e et plus ambitieuse de cette f\u00eate. <\/p>\n\n\n\n<figure class=\"wp-block-image size-large\"><img loading=\"lazy\" decoding=\"async\" width=\"768\" height=\"1024\" src=\"https:\/\/vtest1.college-lapierre.fr\/wp-content\/uploads\/2025\/11\/IMG20251016095022-768x1024.jpg\" alt=\"\" class=\"wp-image-11697\" srcset=\"https:\/\/vtest1.college-lapierre.fr\/wp-content\/uploads\/2025\/11\/IMG20251016095022-768x1024.jpg 768w, https:\/\/vtest1.college-lapierre.fr\/wp-content\/uploads\/2025\/11\/IMG20251016095022-225x300.jpg 225w, https:\/\/vtest1.college-lapierre.fr\/wp-content\/uploads\/2025\/11\/IMG20251016095022-1152x1536.jpg 1152w, https:\/\/vtest1.college-lapierre.fr\/wp-content\/uploads\/2025\/11\/IMG20251016095022-1536x2048.jpg 1536w, https:\/\/vtest1.college-lapierre.fr\/wp-content\/uploads\/2025\/11\/IMG20251016095022-scaled.jpg 1920w\" sizes=\"auto, (max-width: 768px) 100vw, 768px\" \/><\/figure>\n\n\n\n<figure class=\"wp-block-image size-large\"><img loading=\"lazy\" decoding=\"async\" width=\"1024\" height=\"768\" src=\"https:\/\/vtest1.college-lapierre.fr\/wp-content\/uploads\/2025\/11\/IMG20251017075300-1024x768.jpg\" alt=\"\" class=\"wp-image-11710\" srcset=\"https:\/\/vtest1.college-lapierre.fr\/wp-content\/uploads\/2025\/11\/IMG20251017075300-1024x768.jpg 1024w, https:\/\/vtest1.college-lapierre.fr\/wp-content\/uploads\/2025\/11\/IMG20251017075300-300x225.jpg 300w, https:\/\/vtest1.college-lapierre.fr\/wp-content\/uploads\/2025\/11\/IMG20251017075300-768x576.jpg 768w, https:\/\/vtest1.college-lapierre.fr\/wp-content\/uploads\/2025\/11\/IMG20251017075300-1536x1152.jpg 1536w, https:\/\/vtest1.college-lapierre.fr\/wp-content\/uploads\/2025\/11\/IMG20251017075300-2048x1536.jpg 2048w\" sizes=\"auto, (max-width: 1024px) 100vw, 1024px\" \/><\/figure>\n\n\n\n<p>Les 3e ont ainsi pu travailler sur les diff\u00e9rents aspects de cette tradition mais \u00e9galement \u00e9tudier comment elle s&rsquo;exporte \u00e0 travers le monde. <\/p>\n\n\n\n<figure class=\"wp-block-image size-large\"><img loading=\"lazy\" decoding=\"async\" width=\"1024\" height=\"768\" src=\"https:\/\/vtest1.college-lapierre.fr\/wp-content\/uploads\/2025\/11\/IMG20251017113907-1024x768.jpg\" alt=\"\" class=\"wp-image-11701\" srcset=\"https:\/\/vtest1.college-lapierre.fr\/wp-content\/uploads\/2025\/11\/IMG20251017113907-1024x768.jpg 1024w, https:\/\/vtest1.college-lapierre.fr\/wp-content\/uploads\/2025\/11\/IMG20251017113907-300x225.jpg 300w, https:\/\/vtest1.college-lapierre.fr\/wp-content\/uploads\/2025\/11\/IMG20251017113907-768x576.jpg 768w, https:\/\/vtest1.college-lapierre.fr\/wp-content\/uploads\/2025\/11\/IMG20251017113907-1536x1152.jpg 1536w, https:\/\/vtest1.college-lapierre.fr\/wp-content\/uploads\/2025\/11\/IMG20251017113907-2048x1536.jpg 2048w\" sizes=\"auto, (max-width: 1024px) 100vw, 1024px\" \/><\/figure>\n\n\n\n<p>Ils ont \u00e9galement pu r\u00e9aliser un autel selon ce qu&rsquo;ils avaient appris en classe, en cr\u00e9ant le \u00ab\u00a0papel picado\u00a0\u00bb, les fleurs, certains objets&#8230;de quoi amener encore plus de couleurs dans la salle! <\/p>\n\n\n\n<figure class=\"wp-block-image size-large\"><img loading=\"lazy\" decoding=\"async\" width=\"768\" height=\"1024\" src=\"https:\/\/vtest1.college-lapierre.fr\/wp-content\/uploads\/2025\/11\/IMG20251112112927-768x1024.jpg\" alt=\"\" class=\"wp-image-11707\" srcset=\"https:\/\/vtest1.college-lapierre.fr\/wp-content\/uploads\/2025\/11\/IMG20251112112927-768x1024.jpg 768w, https:\/\/vtest1.college-lapierre.fr\/wp-content\/uploads\/2025\/11\/IMG20251112112927-225x300.jpg 225w, https:\/\/vtest1.college-lapierre.fr\/wp-content\/uploads\/2025\/11\/IMG20251112112927-1152x1536.jpg 1152w, https:\/\/vtest1.college-lapierre.fr\/wp-content\/uploads\/2025\/11\/IMG20251112112927-1536x2048.jpg 1536w, https:\/\/vtest1.college-lapierre.fr\/wp-content\/uploads\/2025\/11\/IMG20251112112927-scaled.jpg 1920w\" sizes=\"auto, (max-width: 768px) 100vw, 768px\" \/><\/figure>\n\n\n\n<figure class=\"wp-block-image size-large\"><img loading=\"lazy\" decoding=\"async\" width=\"768\" height=\"1024\" src=\"https:\/\/vtest1.college-lapierre.fr\/wp-content\/uploads\/2025\/11\/IMG20251112105026-768x1024.jpg\" alt=\"\" class=\"wp-image-11705\" srcset=\"https:\/\/vtest1.college-lapierre.fr\/wp-content\/uploads\/2025\/11\/IMG20251112105026-768x1024.jpg 768w, https:\/\/vtest1.college-lapierre.fr\/wp-content\/uploads\/2025\/11\/IMG20251112105026-225x300.jpg 225w, https:\/\/vtest1.college-lapierre.fr\/wp-content\/uploads\/2025\/11\/IMG20251112105026-1152x1536.jpg 1152w, https:\/\/vtest1.college-lapierre.fr\/wp-content\/uploads\/2025\/11\/IMG20251112105026-1536x2048.jpg 1536w, https:\/\/vtest1.college-lapierre.fr\/wp-content\/uploads\/2025\/11\/IMG20251112105026-scaled.jpg 1920w\" sizes=\"auto, (max-width: 768px) 100vw, 768px\" \/><\/figure>\n\n\n\n<figure class=\"wp-block-image size-large\"><img loading=\"lazy\" decoding=\"async\" width=\"768\" height=\"1024\" src=\"https:\/\/vtest1.college-lapierre.fr\/wp-content\/uploads\/2025\/11\/IMG20251112105039-768x1024.jpg\" alt=\"\" class=\"wp-image-11704\" srcset=\"https:\/\/vtest1.college-lapierre.fr\/wp-content\/uploads\/2025\/11\/IMG20251112105039-768x1024.jpg 768w, https:\/\/vtest1.college-lapierre.fr\/wp-content\/uploads\/2025\/11\/IMG20251112105039-225x300.jpg 225w, https:\/\/vtest1.college-lapierre.fr\/wp-content\/uploads\/2025\/11\/IMG20251112105039-1152x1536.jpg 1152w, https:\/\/vtest1.college-lapierre.fr\/wp-content\/uploads\/2025\/11\/IMG20251112105039-1536x2048.jpg 1536w, https:\/\/vtest1.college-lapierre.fr\/wp-content\/uploads\/2025\/11\/IMG20251112105039-scaled.jpg 1920w\" sizes=\"auto, (max-width: 768px) 100vw, 768px\" \/><\/figure>\n\n\n\n<p>Reconnue \u00ab\u00a0patrimonio cultural inmaterial de la humanidad\u00a0\u00bb, cette tradition alliant les cultures pr\u00e9colombiennes et espagnole est devenue un incontournable de nos salles de classe! <\/p>\n\n\n\n<figure class=\"wp-block-image size-large\"><img loading=\"lazy\" decoding=\"async\" width=\"768\" height=\"1024\" src=\"https:\/\/vtest1.college-lapierre.fr\/wp-content\/uploads\/2025\/11\/IMG20251125153105-768x1024.jpg\" alt=\"\" class=\"wp-image-11708\" srcset=\"https:\/\/vtest1.college-lapierre.fr\/wp-content\/uploads\/2025\/11\/IMG20251125153105-768x1024.jpg 768w, https:\/\/vtest1.college-lapierre.fr\/wp-content\/uploads\/2025\/11\/IMG20251125153105-225x300.jpg 225w, https:\/\/vtest1.college-lapierre.fr\/wp-content\/uploads\/2025\/11\/IMG20251125153105-1152x1536.jpg 1152w, https:\/\/vtest1.college-lapierre.fr\/wp-content\/uploads\/2025\/11\/IMG20251125153105-1536x2048.jpg 1536w, https:\/\/vtest1.college-lapierre.fr\/wp-content\/uploads\/2025\/11\/IMG20251125153105-scaled.jpg 1920w\" sizes=\"auto, (max-width: 768px) 100vw, 768px\" \/><\/figure>\n\n\n\n<figure class=\"wp-block-image size-large\"><img loading=\"lazy\" decoding=\"async\" width=\"768\" height=\"1024\" src=\"https:\/\/vtest1.college-lapierre.fr\/wp-content\/uploads\/2025\/11\/IMG20251125153111-768x1024.jpg\" alt=\"\" class=\"wp-image-11711\" srcset=\"https:\/\/vtest1.college-lapierre.fr\/wp-content\/uploads\/2025\/11\/IMG20251125153111-768x1024.jpg 768w, https:\/\/vtest1.college-lapierre.fr\/wp-content\/uploads\/2025\/11\/IMG20251125153111-225x300.jpg 225w, https:\/\/vtest1.college-lapierre.fr\/wp-content\/uploads\/2025\/11\/IMG20251125153111-1152x1536.jpg 1152w, https:\/\/vtest1.college-lapierre.fr\/wp-content\/uploads\/2025\/11\/IMG20251125153111-1536x2048.jpg 1536w, https:\/\/vtest1.college-lapierre.fr\/wp-content\/uploads\/2025\/11\/IMG20251125153111-scaled.jpg 1920w\" sizes=\"auto, (max-width: 768px) 100vw, 768px\" \/><\/figure>\n","protected":false},"excerpt":{"rendered":"<p>L&rsquo;automne est rythm\u00e9 par la tradition mexicaine de \u00ab\u00a0d\u00eda de los muertos\u00a0\u00bb dans le couloir des salles d&rsquo;espagnol du coll\u00e8ge Lapierre! Couloir et salles d\u00e9cor\u00e9s, s\u00e9quences compl\u00e8tes ou point culturel, tous les niveaux vivent quelques semaines au rythme de cette tradition que tous connaissent d\u00e9sormais notamment gr\u00e2ce au film d&rsquo;animation Coco. Une immersion dans la&#8230;<\/p>\n<p class=\"more-link-wrap\"><a href=\"https:\/\/vtest1.college-lapierre.fr\/?p=11696\" class=\"more-link\">Read More<span class=\"screen-reader-text\"> &ldquo;D\u00eda de los muertos&rdquo;<\/span> &raquo;<\/a><\/p>\n","protected":false},"author":157,"featured_media":11703,"comment_status":"closed","ping_status":"closed","sticky":false,"template":"","format":"standard","meta":{"footnotes":""},"categories":[23,1],"tags":[],"class_list":["post-11696","post","type-post","status-publish","format-standard","has-post-thumbnail","hentry","category-langues-vivante","category-non-categorise"],"_links":{"self":[{"href":"https:\/\/vtest1.college-lapierre.fr\/index.php?rest_route=\/wp\/v2\/posts\/11696","targetHints":{"allow":["GET"]}}],"collection":[{"href":"https:\/\/vtest1.college-lapierre.fr\/index.php?rest_route=\/wp\/v2\/posts"}],"about":[{"href":"https:\/\/vtest1.college-lapierre.fr\/index.php?rest_route=\/wp\/v2\/types\/post"}],"author":[{"embeddable":true,"href":"https:\/\/vtest1.college-lapierre.fr\/index.php?rest_route=\/wp\/v2\/users\/157"}],"replies":[{"embeddable":true,"href":"https:\/\/vtest1.college-lapierre.fr\/index.php?rest_route=%2Fwp%2Fv2%2Fcomments&post=11696"}],"version-history":[{"count":2,"href":"https:\/\/vtest1.college-lapierre.fr\/index.php?rest_route=\/wp\/v2\/posts\/11696\/revisions"}],"predecessor-version":[{"id":11712,"href":"https:\/\/vtest1.college-lapierre.fr\/index.php?rest_route=\/wp\/v2\/posts\/11696\/revisions\/11712"}],"wp:featuredmedia":[{"embeddable":true,"href":"https:\/\/vtest1.college-lapierre.fr\/index.php?rest_route=\/wp\/v2\/media\/11703"}],"wp:attachment":[{"href":"https:\/\/vtest1.college-lapierre.fr\/index.php?rest_route=%2Fwp%2Fv2%2Fmedia&parent=11696"}],"wp:term":[{"taxonomy":"category","embeddable":true,"href":"https:\/\/vtest1.college-lapierre.fr\/index.php?rest_route=%2Fwp%2Fv2%2Fcategories&post=11696"},{"taxonomy":"post_tag","embeddable":true,"href":"https:\/\/vtest1.college-lapierre.fr\/index.php?rest_route=%2Fwp%2Fv2%2Ftags&post=11696"}],"curies":[{"name":"wp","href":"https:\/\/api.w.org\/{rel}","templated":true}]}}