{"id":11751,"date":"2025-12-02T18:57:36","date_gmt":"2025-12-02T16:57:36","guid":{"rendered":"https:\/\/vtest1.college-lapierre.fr\/?p=11751"},"modified":"2025-12-04T10:57:18","modified_gmt":"2025-12-04T08:57:18","slug":"11751","status":"publish","type":"post","link":"https:\/\/vtest1.college-lapierre.fr\/?p=11751","title":{"rendered":"A la d\u00e9couverte des sciences humaines"},"content":{"rendered":"\n<h2 class=\"wp-block-heading\">Les \u00e9l\u00e8ves du Parcours Excellence ont rencontr\u00e9 la sociologue Jessica Brandler<\/h2>\n\n\n\n<div class=\"wp-block-media-text is-stacked-on-mobile\"><figure class=\"wp-block-media-text__media\"><img loading=\"lazy\" decoding=\"async\" width=\"1024\" height=\"768\" src=\"https:\/\/vtest1.college-lapierre.fr\/wp-content\/uploads\/2025\/12\/jessica-2-1-1024x768.jpeg\" alt=\"\" class=\"wp-image-11753 size-full\" srcset=\"https:\/\/vtest1.college-lapierre.fr\/wp-content\/uploads\/2025\/12\/jessica-2-1-1024x768.jpeg 1024w, https:\/\/vtest1.college-lapierre.fr\/wp-content\/uploads\/2025\/12\/jessica-2-1-300x225.jpeg 300w, https:\/\/vtest1.college-lapierre.fr\/wp-content\/uploads\/2025\/12\/jessica-2-1-768x576.jpeg 768w, https:\/\/vtest1.college-lapierre.fr\/wp-content\/uploads\/2025\/12\/jessica-2-1-1536x1152.jpeg 1536w, https:\/\/vtest1.college-lapierre.fr\/wp-content\/uploads\/2025\/12\/jessica-2-1-2048x1536.jpeg 2048w\" sizes=\"auto, (max-width: 1024px) 100vw, 1024px\" \/><\/figure><div class=\"wp-block-media-text__content\">\n<p class=\"has-text-align-center\"><strong><mark style=\"background-color:#ffffff\" class=\"has-inline-color\">\u00ab\u00a0Les enfants ne sont pas de \u00ab\u00a0futurs\u00a0\u00bb citoyens, mais bien des citoyens \u00e0 part enti\u00e8re. Chacun, quel que soit son \u00e2ge, participe \u00e0 la vie de la cit\u00e9\u00a0\u00bb<\/mark><\/strong><\/p>\n<\/div><\/div>\n\n\n\n<div class=\"wp-block-columns is-layout-flex wp-container-core-columns-is-layout-9d6595d7 wp-block-columns-is-layout-flex\">\n<div class=\"wp-block-column is-layout-flow wp-block-column-is-layout-flow\" style=\"flex-basis:100%\">\n<div class=\"wp-block-columns are-vertically-aligned-center is-layout-flex wp-container-core-columns-is-layout-9d6595d7 wp-block-columns-is-layout-flex\">\n<div class=\"wp-block-column is-vertically-aligned-center is-layout-flow wp-block-column-is-layout-flow\" style=\"flex-basis:100%\">\n<p><em><strong>Mardi 25 novembre, nous avons rencontr\u00e9 au CDI la sociologue Jessica Brandler, chercheuse associ\u00e9e au Centre Emile Durkheim. Elle nous a parl\u00e9 de son parcours et des recherches<\/strong><\/em> <strong><em>qu&rsquo;elle a men\u00e9es <\/em><\/strong>&#8230; <strong><em>au Coll\u00e8ge Lapierre<\/em><\/strong> <em>!!<\/em><br><br>Madame Brandler nous a tout d&rsquo;abord expliqu\u00e9 sa m\u00e9thode de travail, l\u2019approche qualitative : elle recueille des histoires de vie lors d\u2019entretiens puis, en croisant les t\u00e9moignages, elle peut voir quelles informations se v\u00e9rifient. Ses travaux portent sur la citoyennet\u00e9 \u00ab ordinaire \u00bb, celle qui s\u2019exerce dans la vie quotidienne.<br>Par exemple, au Venezuela, elle a analys\u00e9 la construction de la citoyennet\u00e9 dans les milieux d\u00e9favoris\u00e9s et plus particuli\u00e8rement le r\u00f4le politique des femmes dans leur famille et dans leur quartier.<\/p>\n\n\n\n<p><br><strong>En 2021<\/strong>, pour le <strong>projet SCIVIQ<\/strong>, elle est venue \u00e0 <strong>Lormont<\/strong>. Elle voulait comprendre quelles ressources les habitants de G\u00e9nicart-Alpilles -Vincennes- Bois Fleuri avaient mobilis\u00e9es au moment du confinement pour s\u2019en sortir. Et elle s\u2019est plus pr\u00e9cis\u00e9ment int\u00e9ress\u00e9e \u00e0 la fa\u00e7on dont les enfants de Lormont avaient v\u00e9cu la pand\u00e9mie de covid-19.<br>Elle est alors venue au <strong>Coll\u00e8ge Lapierre<\/strong>, dans la classe de 6\u00e8me de Monsieur Pomi\u00e8s. Elle a recueilli plus de 200 pages de carnets intimes et, surtout, la parole des enfants. Elle a publi\u00e9 un premier livre <strong><em>Enfants confin\u00e9s : v\u00e9cus, ressources<\/em><\/strong>.<br>Elle est revenue \u00e0 <strong>Lapierre en 2023<\/strong>, dans la classe de Mme Pastrano pour le <strong>projet Voix dans la cit\u00e9<\/strong>. Elle a organis\u00e9 cinq ateliers de co-recherche pour les \u00e9l\u00e8ves de cette 5\u00e8me : les \u00e9l\u00e8ves ont analys\u00e9 les carnets intimes des anciens 6\u00e8mes et sont ainsi devenus des co-chercheurs.<br>A partir de ces ateliers et des carnets, la com\u00e9dienne <strong>Loubna Edno-Boufar <\/strong>a \u00e9crit <strong>une pi\u00e8ce de th\u00e9\u00e2tre-forum<\/strong>. Une repr\u00e9sentation a \u00e9t\u00e9 organis\u00e9e au coll\u00e8ge pour les \u00e9l\u00e8ves, une autre au Bois Fleuri pour les habitants. Le th\u00e9\u00e2tre-forum est une forme de th\u00e9\u00e2tre interactif : les spectateurs peuvent intervenir \u00e0 tout moment, exprimer leur point de vue et r\u00e9fl\u00e9chir aux diff\u00e9rentes mani\u00e8res d&rsquo;agir sur le cours des choses.<\/p>\n\n\n\n<p><br>\u00c0 l\u2019occasion de la parution de son deuxi\u00e8me livre : <strong><em>Enfants, sujets politiques : les jeunes g\u00e9n\u00e9rations face \u00e0 la crise du Covid<\/em><\/strong>, Jessica Brandler est revenue au coll\u00e8ge pour nous pr\u00e9senter ses travaux.<br>Nous avons \u00e9t\u00e9 surpris qu\u2019elle s\u2019int\u00e9resse \u00e0 nos quartiers et \u00e0 notre coll\u00e8ge !! On pensait qu\u2019un chercheur ne s\u2019int\u00e9ressait pas aux villes comme Lormont, mais plut\u00f4t aux grandes villes comme Bordeaux. <br>On a \u00e9galement d\u00e9couvert qu\u2019on pouvait \u00eatre docteur sans \u00eatre m\u00e9decin et que la recherche scientifique, ce n\u2019est pas forc\u00e9ment un labo et des blouses blanches !!!<br><\/p>\n<\/div>\n<\/div>\n<\/div>\n<\/div>\n\n\n\n<div class=\"wp-block-columns is-layout-flex wp-container-core-columns-is-layout-9d6595d7 wp-block-columns-is-layout-flex\">\n<div class=\"wp-block-column is-layout-flow wp-block-column-is-layout-flow\" style=\"flex-basis:100%\">\n<pre class=\"wp-block-preformatted\"><br>Pour aller plus loin ...<br><a href=\"https:\/\/jessica-brandler.com\/\">https:\/\/jessica-brandler.com\/<\/a><br><a href=\"https:\/\/www.linkedin.com\/feed\/update\/urn:li:activity:7399149125599965185\" data-type=\"link\" data-id=\"https:\/\/www.linkedin.com\/feed\/update\/urn:li:activity:7399149125599965185\">https:\/\/www.linkedin.com\/feed\/update\/urn:li:activity:7399149125599965185<\/a><\/pre>\n<\/div>\n<\/div>\n\n\n\n<div class=\"wp-block-group\"><div class=\"wp-block-group__inner-container is-layout-constrained wp-block-group-is-layout-constrained\">\n<figure class=\"wp-block-gallery has-nested-images columns-default is-cropped wp-block-gallery-1 is-layout-flex wp-block-gallery-is-layout-flex\">\n<figure class=\"wp-block-image size-full is-style-default\"><img loading=\"lazy\" decoding=\"async\" width=\"400\" height=\"556\" data-id=\"11768\" src=\"https:\/\/vtest1.college-lapierre.fr\/wp-content\/uploads\/2025\/12\/quartiers-confines-1.jpg\" alt=\"\" class=\"wp-image-11768\" srcset=\"https:\/\/vtest1.college-lapierre.fr\/wp-content\/uploads\/2025\/12\/quartiers-confines-1.jpg 400w, https:\/\/vtest1.college-lapierre.fr\/wp-content\/uploads\/2025\/12\/quartiers-confines-1-216x300.jpg 216w\" sizes=\"auto, (max-width: 400px) 100vw, 400px\" \/><\/figure>\n\n\n\n<figure class=\"wp-block-image size-full\"><img loading=\"lazy\" decoding=\"async\" width=\"400\" height=\"620\" data-id=\"11767\" src=\"https:\/\/vtest1.college-lapierre.fr\/wp-content\/uploads\/2025\/12\/enfants-sujets-politiques-3.jpg\" alt=\"\" class=\"wp-image-11767\" srcset=\"https:\/\/vtest1.college-lapierre.fr\/wp-content\/uploads\/2025\/12\/enfants-sujets-politiques-3.jpg 400w, https:\/\/vtest1.college-lapierre.fr\/wp-content\/uploads\/2025\/12\/enfants-sujets-politiques-3-194x300.jpg 194w\" sizes=\"auto, (max-width: 400px) 100vw, 400px\" \/><\/figure>\n<\/figure>\n<\/div><\/div>\n\n\n\n<p><\/p>\n\n\n\n<pre class=\"wp-block-preformatted has-medium-font-size\"><\/pre>\n","protected":false},"excerpt":{"rendered":"<p>Les \u00e9l\u00e8ves du Parcours Excellence ont rencontr\u00e9 la sociologue Jessica Brandler \u00ab\u00a0Les enfants ne sont pas de \u00ab\u00a0futurs\u00a0\u00bb citoyens, mais bien des citoyens \u00e0 part enti\u00e8re. Chacun, quel que soit son \u00e2ge, participe \u00e0 la vie de la cit\u00e9\u00a0\u00bb Mardi 25 novembre, nous avons rencontr\u00e9 au CDI la sociologue Jessica Brandler, chercheuse associ\u00e9e au Centre&#8230;<\/p>\n<p class=\"more-link-wrap\"><a href=\"https:\/\/vtest1.college-lapierre.fr\/?p=11751\" class=\"more-link\">Read More<span class=\"screen-reader-text\"> &ldquo;A la d\u00e9couverte des sciences humaines&rdquo;<\/span> &raquo;<\/a><\/p>\n","protected":false},"author":92,"featured_media":11776,"comment_status":"closed","ping_status":"closed","sticky":false,"template":"","format":"standard","meta":{"footnotes":""},"categories":[115,54,38],"tags":[9,127,61],"class_list":["post-11751","post","type-post","status-publish","format-standard","has-post-thumbnail","hentry","category-a-la-une","category-projets","category-pedagogie","tag-college-lapierre","tag-parcours-excellence-3eme","tag-projets"],"_links":{"self":[{"href":"https:\/\/vtest1.college-lapierre.fr\/index.php?rest_route=\/wp\/v2\/posts\/11751","targetHints":{"allow":["GET"]}}],"collection":[{"href":"https:\/\/vtest1.college-lapierre.fr\/index.php?rest_route=\/wp\/v2\/posts"}],"about":[{"href":"https:\/\/vtest1.college-lapierre.fr\/index.php?rest_route=\/wp\/v2\/types\/post"}],"author":[{"embeddable":true,"href":"https:\/\/vtest1.college-lapierre.fr\/index.php?rest_route=\/wp\/v2\/users\/92"}],"replies":[{"embeddable":true,"href":"https:\/\/vtest1.college-lapierre.fr\/index.php?rest_route=%2Fwp%2Fv2%2Fcomments&post=11751"}],"version-history":[{"count":27,"href":"https:\/\/vtest1.college-lapierre.fr\/index.php?rest_route=\/wp\/v2\/posts\/11751\/revisions"}],"predecessor-version":[{"id":11798,"href":"https:\/\/vtest1.college-lapierre.fr\/index.php?rest_route=\/wp\/v2\/posts\/11751\/revisions\/11798"}],"wp:featuredmedia":[{"embeddable":true,"href":"https:\/\/vtest1.college-lapierre.fr\/index.php?rest_route=\/wp\/v2\/media\/11776"}],"wp:attachment":[{"href":"https:\/\/vtest1.college-lapierre.fr\/index.php?rest_route=%2Fwp%2Fv2%2Fmedia&parent=11751"}],"wp:term":[{"taxonomy":"category","embeddable":true,"href":"https:\/\/vtest1.college-lapierre.fr\/index.php?rest_route=%2Fwp%2Fv2%2Fcategories&post=11751"},{"taxonomy":"post_tag","embeddable":true,"href":"https:\/\/vtest1.college-lapierre.fr\/index.php?rest_route=%2Fwp%2Fv2%2Ftags&post=11751"}],"curies":[{"name":"wp","href":"https:\/\/api.w.org\/{rel}","templated":true}]}}