{"id":7643,"date":"2021-10-15T05:16:04","date_gmt":"2021-10-15T04:16:04","guid":{"rendered":"http:\/\/www.college-lapierre.fr\/?p=7643"},"modified":"2023-07-15T10:56:17","modified_gmt":"2023-07-15T10:56:17","slug":"objectif-potager-2022","status":"publish","type":"post","link":"https:\/\/vtest1.college-lapierre.fr\/?p=7643","title":{"rendered":"Objectif potager 2022"},"content":{"rendered":"\n<p>La saison 2 du potager \u00e0 d\u00e9but\u00e9 ce jeudi sous un beau soleil. .Toujours accompagn\u00e9 par la ferme de Lormont Pauline Air Farm, l\u2019atelier potager a totalement repens\u00e9 le projet. L\u2019id\u00e9e est de cr\u00e9er une surface cultivable 3 fois plus grande et d\u2019installer diff\u00e9rents espaces (un espace l\u00e9gumes, un espace m\u00e9di\u00e9val, un espace SVT, un espace avec des tables pour venir y travailler&#8230;)<\/p>\n\n\n\n<figure class=\"wp-block-gallery columns-3 is-cropped wp-block-gallery-1 is-layout-flex wp-block-gallery-is-layout-flex\"><ul class=\"blocks-gallery-grid\"><li class=\"blocks-gallery-item\"><figure><a href=\"http:\/\/www.college-lapierre.fr\/wp-content\/uploads\/2021\/10\/40EB474A-CDB5-4940-BE5E-CF956D7348C5-scaled.jpeg\"><img decoding=\"async\" src=\"http:\/\/www.college-lapierre.fr\/wp-content\/uploads\/2021\/10\/40EB474A-CDB5-4940-BE5E-CF956D7348C5-1024x768.jpeg\" alt=\"\" data-id=\"7644\" data-full-url=\"http:\/\/www.college-lapierre.fr\/wp-content\/uploads\/2021\/10\/40EB474A-CDB5-4940-BE5E-CF956D7348C5-scaled.jpeg\" data-link=\"http:\/\/www.college-lapierre.fr\/?attachment_id=7644\" class=\"wp-image-7644\"\/><\/a><\/figure><\/li><li class=\"blocks-gallery-item\"><figure><a href=\"http:\/\/www.college-lapierre.fr\/wp-content\/uploads\/2021\/10\/5A20E156-6253-4A7A-9263-7A3DBA918807.jpeg\"><img decoding=\"async\" src=\"http:\/\/www.college-lapierre.fr\/wp-content\/uploads\/2021\/10\/5A20E156-6253-4A7A-9263-7A3DBA918807-768x1024.jpeg\" alt=\"\" data-id=\"7645\" data-full-url=\"http:\/\/www.college-lapierre.fr\/wp-content\/uploads\/2021\/10\/5A20E156-6253-4A7A-9263-7A3DBA918807.jpeg\" data-link=\"http:\/\/www.college-lapierre.fr\/?attachment_id=7645\" class=\"wp-image-7645\"\/><\/a><\/figure><\/li><li class=\"blocks-gallery-item\"><figure><a href=\"http:\/\/www.college-lapierre.fr\/wp-content\/uploads\/2021\/10\/905E3F4F-04AB-42A5-AB04-0E95DA948B9D-scaled.jpeg\"><img decoding=\"async\" src=\"http:\/\/www.college-lapierre.fr\/wp-content\/uploads\/2021\/10\/905E3F4F-04AB-42A5-AB04-0E95DA948B9D-1024x768.jpeg\" alt=\"\" data-id=\"7646\" data-full-url=\"http:\/\/www.college-lapierre.fr\/wp-content\/uploads\/2021\/10\/905E3F4F-04AB-42A5-AB04-0E95DA948B9D-scaled.jpeg\" data-link=\"http:\/\/www.college-lapierre.fr\/?attachment_id=7646\" class=\"wp-image-7646\"\/><\/a><\/figure><\/li><li class=\"blocks-gallery-item\"><figure><a href=\"http:\/\/www.college-lapierre.fr\/wp-content\/uploads\/2021\/10\/B1D9FA59-3EBB-44AD-B24C-A4774CE5B530-scaled.jpeg\"><img decoding=\"async\" src=\"http:\/\/www.college-lapierre.fr\/wp-content\/uploads\/2021\/10\/B1D9FA59-3EBB-44AD-B24C-A4774CE5B530-1024x768.jpeg\" alt=\"\" data-id=\"7647\" data-full-url=\"http:\/\/www.college-lapierre.fr\/wp-content\/uploads\/2021\/10\/B1D9FA59-3EBB-44AD-B24C-A4774CE5B530-scaled.jpeg\" data-link=\"http:\/\/www.college-lapierre.fr\/?attachment_id=7647\" class=\"wp-image-7647\"\/><\/a><\/figure><\/li><\/ul><\/figure>\n\n\n\n<p><\/p>\n\n\n\n<p><\/p>\n","protected":false},"excerpt":{"rendered":"<p>La saison 2 du potager \u00e0 d\u00e9but\u00e9 ce jeudi sous un beau soleil. .Toujours accompagn\u00e9 par la ferme de Lormont Pauline Air Farm, l\u2019atelier potager a totalement repens\u00e9 le projet. L\u2019id\u00e9e est de cr\u00e9er une surface cultivable 3 fois plus grande et d\u2019installer diff\u00e9rents espaces (un espace l\u00e9gumes, un espace m\u00e9di\u00e9val, un espace SVT, un&#8230;<\/p>\n<p class=\"more-link-wrap\"><a href=\"https:\/\/vtest1.college-lapierre.fr\/?p=7643\" class=\"more-link\">Read More<span class=\"screen-reader-text\"> &ldquo;Objectif potager 2022&rdquo;<\/span> &raquo;<\/a><\/p>\n","protected":false},"author":58,"featured_media":0,"comment_status":"closed","ping_status":"open","sticky":false,"template":"","format":"standard","meta":{"footnotes":""},"categories":[38,11],"tags":[],"class_list":["post-7643","post","type-post","status-publish","format-standard","hentry","category-pedagogie","category-enseignements"],"_links":{"self":[{"href":"https:\/\/vtest1.college-lapierre.fr\/index.php?rest_route=\/wp\/v2\/posts\/7643","targetHints":{"allow":["GET"]}}],"collection":[{"href":"https:\/\/vtest1.college-lapierre.fr\/index.php?rest_route=\/wp\/v2\/posts"}],"about":[{"href":"https:\/\/vtest1.college-lapierre.fr\/index.php?rest_route=\/wp\/v2\/types\/post"}],"author":[{"embeddable":true,"href":"https:\/\/vtest1.college-lapierre.fr\/index.php?rest_route=\/wp\/v2\/users\/58"}],"replies":[{"embeddable":true,"href":"https:\/\/vtest1.college-lapierre.fr\/index.php?rest_route=%2Fwp%2Fv2%2Fcomments&post=7643"}],"version-history":[{"count":1,"href":"https:\/\/vtest1.college-lapierre.fr\/index.php?rest_route=\/wp\/v2\/posts\/7643\/revisions"}],"predecessor-version":[{"id":9183,"href":"https:\/\/vtest1.college-lapierre.fr\/index.php?rest_route=\/wp\/v2\/posts\/7643\/revisions\/9183"}],"wp:attachment":[{"href":"https:\/\/vtest1.college-lapierre.fr\/index.php?rest_route=%2Fwp%2Fv2%2Fmedia&parent=7643"}],"wp:term":[{"taxonomy":"category","embeddable":true,"href":"https:\/\/vtest1.college-lapierre.fr\/index.php?rest_route=%2Fwp%2Fv2%2Fcategories&post=7643"},{"taxonomy":"post_tag","embeddable":true,"href":"https:\/\/vtest1.college-lapierre.fr\/index.php?rest_route=%2Fwp%2Fv2%2Ftags&post=7643"}],"curies":[{"name":"wp","href":"https:\/\/api.w.org\/{rel}","templated":true}]}}