{"id":7884,"date":"2022-01-04T15:16:04","date_gmt":"2022-01-04T14:16:04","guid":{"rendered":"http:\/\/www.college-lapierre.fr\/?p=7884"},"modified":"2023-07-15T10:55:58","modified_gmt":"2023-07-15T10:55:58","slug":"les-graines-de-lapierre-vous-souhaitent-une-bonne-annee-2022","status":"publish","type":"post","link":"https:\/\/vtest1.college-lapierre.fr\/?p=7884","title":{"rendered":"Les Graines de Lapierre vous souhaitent une bonne ann\u00e9e 2022 !"},"content":{"rendered":"\n<p>Les graines de Lapierre vous pr\u00e9sentent leurs meilleurs v\u0153ux pour cette ann\u00e9e 2022&nbsp;!&nbsp;<\/p>\n\n\n\n<p>Ceux qui sont venus au March\u00e9 de Noel du coll\u00e8ge ont pu s\u2019attarder devant notre cahier du potager, sans oublier des panneaux photos et ont aussi pu s\u2019entretenir avec Mme CURUTCHET au sujet de notre activit\u00e9 mais pour les autres, il faut bien avouer qu\u2019il n\u2019a pas \u00e9t\u00e9 simple de nous retrouver et d\u2019avancer comme pr\u00e9vu du fait de la m\u00e9t\u00e9o automnale tr\u00e8s pluvieuse\u2026 mais nous avons tout de m\u00eame r\u00e9ussi \u00e0&nbsp;:&nbsp;<\/p>\n\n\n\n<p>&#8211; former d\u00e9finitivement notre club avec des apprentis jardiniers r\u00e9guliers et investis<\/p>\n\n\n\n<p>&#8211; construire un nouveau composteur, utilis\u00e9 uniquement par le chef de cantine.&nbsp;<\/p>\n\n\n\n<p>&#8211; d\u00e9monter l\u2019ancien potager (structures en bois et textiles)<\/p>\n\n\n\n<p>&#8211; retourner la terre avec l\u2019aide pr\u00e9cieuse de professeurs tels que Mme NEMOND, M. GEMBERT, Mme JODER GADRET&#8230; d\u2019AED et de stagiaires en Anglais<\/p>\n\n\n\n<p>&#8211; d\u00e9marquer les nouveaux espaces de culture avec en prime, un espace exclusivement d\u00e9di\u00e9 au jardin m\u00e9di\u00e9val gr\u00e2ce \u00e0 l\u2019investissement de M. LE PARQUIC<\/p>\n\n\n\n<p>&#8211; nous faire livrer de la bonne terre v\u00e9g\u00e9tale&nbsp;<\/p>\n\n\n\n<p>&#8211; commencer nos&nbsp; \u00ablasagnes&nbsp;\u00bb pour la pr\u00e9paration de notre sol (couches de terre et de d\u00e9chets v\u00e9g\u00e9taux).<\/p>\n\n\n\n<p>Nous reprendrons la brouette et les pelles d\u00e8s la reprise pour terminer le travail du sol le plus rapidement possible et nous consacrer \u00e0 la pr\u00e9paration de semis&nbsp;de graines de fruits et de plantes grasses.&nbsp;<\/p>\n\n\n\n<p>En attendant les prochaines nouvelles, voici quelques photos\u2026&nbsp;<\/p>\n\n\n\n<p>A bient\u00f4t&nbsp;!&nbsp;<\/p>\n","protected":false},"excerpt":{"rendered":"<p>Les graines de Lapierre vous pr\u00e9sentent leurs meilleurs v\u0153ux pour cette ann\u00e9e 2022&nbsp;!&nbsp; Ceux qui sont venus au March\u00e9 de Noel du coll\u00e8ge ont pu s\u2019attarder devant notre cahier du potager, sans oublier des panneaux photos et ont aussi pu s\u2019entretenir avec Mme CURUTCHET au sujet de notre activit\u00e9 mais pour les autres, il faut&#8230;<\/p>\n<p class=\"more-link-wrap\"><a href=\"https:\/\/vtest1.college-lapierre.fr\/?p=7884\" class=\"more-link\">Read More<span class=\"screen-reader-text\"> &ldquo;Les Graines de Lapierre vous souhaitent une bonne ann\u00e9e 2022 !&rdquo;<\/span> &raquo;<\/a><\/p>\n","protected":false},"author":133,"featured_media":7887,"comment_status":"closed","ping_status":"open","sticky":false,"template":"","format":"standard","meta":{"footnotes":""},"categories":[38,11],"tags":[],"class_list":["post-7884","post","type-post","status-publish","format-standard","has-post-thumbnail","hentry","category-pedagogie","category-enseignements"],"_links":{"self":[{"href":"https:\/\/vtest1.college-lapierre.fr\/index.php?rest_route=\/wp\/v2\/posts\/7884","targetHints":{"allow":["GET"]}}],"collection":[{"href":"https:\/\/vtest1.college-lapierre.fr\/index.php?rest_route=\/wp\/v2\/posts"}],"about":[{"href":"https:\/\/vtest1.college-lapierre.fr\/index.php?rest_route=\/wp\/v2\/types\/post"}],"author":[{"embeddable":true,"href":"https:\/\/vtest1.college-lapierre.fr\/index.php?rest_route=\/wp\/v2\/users\/133"}],"replies":[{"embeddable":true,"href":"https:\/\/vtest1.college-lapierre.fr\/index.php?rest_route=%2Fwp%2Fv2%2Fcomments&post=7884"}],"version-history":[{"count":1,"href":"https:\/\/vtest1.college-lapierre.fr\/index.php?rest_route=\/wp\/v2\/posts\/7884\/revisions"}],"predecessor-version":[{"id":9165,"href":"https:\/\/vtest1.college-lapierre.fr\/index.php?rest_route=\/wp\/v2\/posts\/7884\/revisions\/9165"}],"wp:featuredmedia":[{"embeddable":true,"href":"https:\/\/vtest1.college-lapierre.fr\/index.php?rest_route=\/"}],"wp:attachment":[{"href":"https:\/\/vtest1.college-lapierre.fr\/index.php?rest_route=%2Fwp%2Fv2%2Fmedia&parent=7884"}],"wp:term":[{"taxonomy":"category","embeddable":true,"href":"https:\/\/vtest1.college-lapierre.fr\/index.php?rest_route=%2Fwp%2Fv2%2Fcategories&post=7884"},{"taxonomy":"post_tag","embeddable":true,"href":"https:\/\/vtest1.college-lapierre.fr\/index.php?rest_route=%2Fwp%2Fv2%2Ftags&post=7884"}],"curies":[{"name":"wp","href":"https:\/\/api.w.org\/{rel}","templated":true}]}}