{"id":7968,"date":"2022-03-11T15:45:20","date_gmt":"2022-03-11T14:45:20","guid":{"rendered":"http:\/\/www.college-lapierre.fr\/?p=7968"},"modified":"2023-07-15T10:55:29","modified_gmt":"2023-07-15T10:55:29","slug":"evolution-du-protocole-sanitaire","status":"publish","type":"post","link":"https:\/\/vtest1.college-lapierre.fr\/?p=7968","title":{"rendered":"Evolution du protocole sanitaire"},"content":{"rendered":"\n<p>Bonjour, <\/p>\n\n\n\n<p>&nbsp; Aujourd&rsquo;hui, vendredi 11 mars 2022, aucun \u00e9l\u00e8ve du coll\u00e8ge n&rsquo;est concern\u00e9 par le covid, ni d\u00e9clar\u00e9 , ni en quarantaine.<\/p>\n\n\n\n<p> &nbsp; Le protocole sanitaire \u00e9volue. Concernant notre \u00e9tablissement, voici rapidement, ce qui sera mis en place \u00e0 partir du lundi 14 mars:&nbsp; &nbsp;<\/p>\n\n\n\n<p> &#8211; Distribution de gel hydroalcoolique \u00e0 chaque entr\u00e9e d&rsquo;\u00e9l\u00e8ves.<\/p>\n\n\n\n<p> &#8211; Maintien de l&rsquo;a\u00e9ration des classes et de la d\u00e9sinfection quotidienne des locaux.<\/p>\n\n\n\n<p> &#8211; Le port du masque n&rsquo;est plus obligatoire \u00e0 l&rsquo;int\u00e9rieur de \u00e9tablissement. N\u00e9anmoins, un personnel ou un \u00e9l\u00e8ve qui souhaite garder le masque \u00e0 l&rsquo;int\u00e9rieur pourra le faire. Dans ce cas le masque couvre la bouche et le nez.<\/p>\n\n\n\n<p> &#8211; Le masque est obligatoire lors des d\u00e9placements en TRAM pour les sorties p\u00e9dagogiques..A l&rsquo;aller et au retour ( il n&rsquo;est pas n\u00e9cessaire dans les cin\u00e9mas ou mus\u00e9es)<\/p>\n\n\n\n<p>&nbsp; &#8211; Concernant la pause d\u00e9jeuner: Les \u00e9l\u00e8ves pourront se placer librement dans le restaurant scolaire et d\u00e9jeuneront en gardant le maximum de distance les uns des autres ( placement en quinconce). <\/p>\n\n\n\n<p>&#8211; Les r\u00e8gles des \u00ab\u00a0cas contacts \u00e0 risque \u00a0\u00bb et quarantaine restent les m\u00eames .<\/p>\n\n\n\n<p> &#8211; Les activit\u00e9s EPS n&rsquo;ont plus de restriction.<\/p>\n\n\n\n<p> &nbsp; Le principal&nbsp;<\/p>\n","protected":false},"excerpt":{"rendered":"<p>Bonjour, &nbsp; Aujourd&rsquo;hui, vendredi 11 mars 2022, aucun \u00e9l\u00e8ve du coll\u00e8ge n&rsquo;est concern\u00e9 par le covid, ni d\u00e9clar\u00e9 , ni en quarantaine. &nbsp; Le protocole sanitaire \u00e9volue. Concernant notre \u00e9tablissement, voici rapidement, ce qui sera mis en place \u00e0 partir du lundi 14 mars:&nbsp; &nbsp; &#8211; Distribution de gel hydroalcoolique \u00e0 chaque entr\u00e9e d&rsquo;\u00e9l\u00e8ves. &#8211;&#8230;<\/p>\n<p class=\"more-link-wrap\"><a href=\"https:\/\/vtest1.college-lapierre.fr\/?p=7968\" class=\"more-link\">Read More<span class=\"screen-reader-text\"> &ldquo;Evolution du protocole sanitaire&rdquo;<\/span> &raquo;<\/a><\/p>\n","protected":false},"author":2,"featured_media":0,"comment_status":"closed","ping_status":"open","sticky":false,"template":"","format":"standard","meta":{"footnotes":""},"categories":[38,11],"tags":[],"class_list":["post-7968","post","type-post","status-publish","format-standard","hentry","category-pedagogie","category-enseignements"],"_links":{"self":[{"href":"https:\/\/vtest1.college-lapierre.fr\/index.php?rest_route=\/wp\/v2\/posts\/7968","targetHints":{"allow":["GET"]}}],"collection":[{"href":"https:\/\/vtest1.college-lapierre.fr\/index.php?rest_route=\/wp\/v2\/posts"}],"about":[{"href":"https:\/\/vtest1.college-lapierre.fr\/index.php?rest_route=\/wp\/v2\/types\/post"}],"author":[{"embeddable":true,"href":"https:\/\/vtest1.college-lapierre.fr\/index.php?rest_route=\/wp\/v2\/users\/2"}],"replies":[{"embeddable":true,"href":"https:\/\/vtest1.college-lapierre.fr\/index.php?rest_route=%2Fwp%2Fv2%2Fcomments&post=7968"}],"version-history":[{"count":1,"href":"https:\/\/vtest1.college-lapierre.fr\/index.php?rest_route=\/wp\/v2\/posts\/7968\/revisions"}],"predecessor-version":[{"id":9156,"href":"https:\/\/vtest1.college-lapierre.fr\/index.php?rest_route=\/wp\/v2\/posts\/7968\/revisions\/9156"}],"wp:attachment":[{"href":"https:\/\/vtest1.college-lapierre.fr\/index.php?rest_route=%2Fwp%2Fv2%2Fmedia&parent=7968"}],"wp:term":[{"taxonomy":"category","embeddable":true,"href":"https:\/\/vtest1.college-lapierre.fr\/index.php?rest_route=%2Fwp%2Fv2%2Fcategories&post=7968"},{"taxonomy":"post_tag","embeddable":true,"href":"https:\/\/vtest1.college-lapierre.fr\/index.php?rest_route=%2Fwp%2Fv2%2Ftags&post=7968"}],"curies":[{"name":"wp","href":"https:\/\/api.w.org\/{rel}","templated":true}]}}