{"id":8035,"date":"2022-04-01T08:34:44","date_gmt":"2022-04-01T07:34:44","guid":{"rendered":"http:\/\/www.college-lapierre.fr\/?p=8035"},"modified":"2023-07-15T10:55:29","modified_gmt":"2023-07-15T10:55:29","slug":"les-eco-delegues-ose","status":"publish","type":"post","link":"https:\/\/vtest1.college-lapierre.fr\/?p=8035","title":{"rendered":"Les Eco d\u00e9l\u00e9gu\u00e9s OSE"},"content":{"rendered":"\n<p>Pour la deuxi\u00e8me ann\u00e9e cons\u00e9cutive, Tom Avenel ancien \u00e9l\u00e8ve de l\u2019\u00e9tablissement et repr\u00e9sentant de l\u2019association OSE intervient aupr\u00e8s des Eco d\u00e9l\u00e9gu\u00e9s de 6\u00e8me et 5\u00e8me.  <br>Cette association r\u00e9colte les stylos, feutres et plastiques scolaires pour aider \u00e0 financer la recherche qui se bat contre la neurofibromatose, maladie d\u00e9g\u00e9n\u00e9rative qui touche un enfant sur 3500 naissances. <br>L\u2019ann\u00e9e derni\u00e8re les \u00e9l\u00e8ves avaient r\u00e9colt\u00e9 4kg de mat\u00e9riel \u00e0 recycler, faisons mieux cette ann\u00e9e!!!<\/p>\n\n\n\n<figure class=\"wp-block-image size-large\"><a href=\"http:\/\/www.college-lapierre.fr\/wp-content\/uploads\/2022\/04\/7B330629-7D4C-4D2F-AE70-63D6E8272D30-scaled.jpeg\"><img decoding=\"async\" src=\"http:\/\/www.college-lapierre.fr\/wp-content\/uploads\/2022\/04\/7B330629-7D4C-4D2F-AE70-63D6E8272D30-1024x768.jpeg\" alt=\"\" class=\"wp-image-8036\"\/><\/a><\/figure>\n\n\n\n<figure class=\"wp-block-image size-large\"><a href=\"http:\/\/www.college-lapierre.fr\/wp-content\/uploads\/2022\/04\/90B76FA6-AE67-489C-AC64-DC958B530466-scaled.jpeg\"><img decoding=\"async\" src=\"http:\/\/www.college-lapierre.fr\/wp-content\/uploads\/2022\/04\/90B76FA6-AE67-489C-AC64-DC958B530466-1024x768.jpeg\" alt=\"\" class=\"wp-image-8037\"\/><\/a><\/figure>\n\n\n\n<figure class=\"wp-block-image size-large\"><a href=\"http:\/\/www.college-lapierre.fr\/wp-content\/uploads\/2022\/04\/A84282AE-A666-4ADE-8528-DE317285A48D-scaled.jpeg\"><img decoding=\"async\" src=\"http:\/\/www.college-lapierre.fr\/wp-content\/uploads\/2022\/04\/A84282AE-A666-4ADE-8528-DE317285A48D-1024x768.jpeg\" alt=\"\" class=\"wp-image-8038\"\/><\/a><\/figure>\n\n\n\n<figure class=\"wp-block-image size-large\"><a href=\"http:\/\/www.college-lapierre.fr\/wp-content\/uploads\/2022\/04\/A1422398-106A-4937-878A-7B87828E73F3-scaled.jpeg\"><img decoding=\"async\" src=\"http:\/\/www.college-lapierre.fr\/wp-content\/uploads\/2022\/04\/A1422398-106A-4937-878A-7B87828E73F3-768x1024.jpeg\" alt=\"\" class=\"wp-image-8039\"\/><\/a><\/figure>\n\n\n\n<figure class=\"wp-block-image size-large\"><a href=\"http:\/\/www.college-lapierre.fr\/wp-content\/uploads\/2022\/04\/89E764B6-F412-416F-875F-1D2F71E33C17-scaled.jpeg\"><img decoding=\"async\" src=\"http:\/\/www.college-lapierre.fr\/wp-content\/uploads\/2022\/04\/89E764B6-F412-416F-875F-1D2F71E33C17-768x1024.jpeg\" alt=\"\" class=\"wp-image-8040\"\/><\/a><\/figure>\n\n\n\n<figure class=\"wp-block-image size-large\"><a href=\"http:\/\/www.college-lapierre.fr\/wp-content\/uploads\/2022\/04\/D62F6DCB-E6A2-4930-850D-E2CC7377023C-scaled.jpeg\"><img decoding=\"async\" src=\"http:\/\/www.college-lapierre.fr\/wp-content\/uploads\/2022\/04\/D62F6DCB-E6A2-4930-850D-E2CC7377023C-1024x768.jpeg\" alt=\"\" class=\"wp-image-8045\"\/><\/a><\/figure>\n","protected":false},"excerpt":{"rendered":"<p>Pour la deuxi\u00e8me ann\u00e9e cons\u00e9cutive, Tom Avenel ancien \u00e9l\u00e8ve de l\u2019\u00e9tablissement et repr\u00e9sentant de l\u2019association OSE intervient aupr\u00e8s des Eco d\u00e9l\u00e9gu\u00e9s de 6\u00e8me et 5\u00e8me. Cette association r\u00e9colte les stylos, feutres et plastiques scolaires pour aider \u00e0 financer la recherche qui se bat contre la neurofibromatose, maladie d\u00e9g\u00e9n\u00e9rative qui touche un enfant sur 3500 naissances&#8230;.<\/p>\n<p class=\"more-link-wrap\"><a href=\"https:\/\/vtest1.college-lapierre.fr\/?p=8035\" class=\"more-link\">Read More<span class=\"screen-reader-text\"> &ldquo;Les Eco d\u00e9l\u00e9gu\u00e9s OSE&rdquo;<\/span> &raquo;<\/a><\/p>\n","protected":false},"author":58,"featured_media":0,"comment_status":"closed","ping_status":"open","sticky":false,"template":"","format":"standard","meta":{"footnotes":""},"categories":[38,11],"tags":[],"class_list":["post-8035","post","type-post","status-publish","format-standard","hentry","category-pedagogie","category-enseignements"],"_links":{"self":[{"href":"https:\/\/vtest1.college-lapierre.fr\/index.php?rest_route=\/wp\/v2\/posts\/8035","targetHints":{"allow":["GET"]}}],"collection":[{"href":"https:\/\/vtest1.college-lapierre.fr\/index.php?rest_route=\/wp\/v2\/posts"}],"about":[{"href":"https:\/\/vtest1.college-lapierre.fr\/index.php?rest_route=\/wp\/v2\/types\/post"}],"author":[{"embeddable":true,"href":"https:\/\/vtest1.college-lapierre.fr\/index.php?rest_route=\/wp\/v2\/users\/58"}],"replies":[{"embeddable":true,"href":"https:\/\/vtest1.college-lapierre.fr\/index.php?rest_route=%2Fwp%2Fv2%2Fcomments&post=8035"}],"version-history":[{"count":1,"href":"https:\/\/vtest1.college-lapierre.fr\/index.php?rest_route=\/wp\/v2\/posts\/8035\/revisions"}],"predecessor-version":[{"id":9148,"href":"https:\/\/vtest1.college-lapierre.fr\/index.php?rest_route=\/wp\/v2\/posts\/8035\/revisions\/9148"}],"wp:attachment":[{"href":"https:\/\/vtest1.college-lapierre.fr\/index.php?rest_route=%2Fwp%2Fv2%2Fmedia&parent=8035"}],"wp:term":[{"taxonomy":"category","embeddable":true,"href":"https:\/\/vtest1.college-lapierre.fr\/index.php?rest_route=%2Fwp%2Fv2%2Fcategories&post=8035"},{"taxonomy":"post_tag","embeddable":true,"href":"https:\/\/vtest1.college-lapierre.fr\/index.php?rest_route=%2Fwp%2Fv2%2Ftags&post=8035"}],"curies":[{"name":"wp","href":"https:\/\/api.w.org\/{rel}","templated":true}]}}