{"id":8208,"date":"2022-06-21T11:51:24","date_gmt":"2022-06-21T10:51:24","guid":{"rendered":"http:\/\/www.college-lapierre.fr\/?p=8208"},"modified":"2023-07-15T10:55:02","modified_gmt":"2023-07-15T10:55:02","slug":"les-4-pascal-sur-les-ondes","status":"publish","type":"post","link":"https:\/\/vtest1.college-lapierre.fr\/?p=8208","title":{"rendered":"Les 4\u00b0 Pascal sur les ondes !"},"content":{"rendered":"\n<p>Cette ann\u00e9e, la classe des 4\u00b0 Pascal a men\u00e9 un projet de cr\u00e9ation d&rsquo;une \u00e9mission radio, en partenariat avec Radio Campus Bordeaux, la radio des \u00e9tudiants ! <\/p>\n\n\n\n<p>Retrouvez nos apprentis journalistes en cliquant sur<\/p>\n\n\n\n<figure class=\"wp-block-embed is-type-rich is-provider-soundcloud wp-block-embed-soundcloud wp-embed-aspect-4-3 wp-has-aspect-ratio\"><div class=\"wp-block-embed__wrapper\">\n<iframe loading=\"lazy\" title=\"\u00c9mission r\u00e9alis\u00e9e par les \u00e9l\u00e8ves du coll\u00e8ge Georges Lapierre de Lormont by Radio Campus Bordeaux\" width=\"650\" height=\"400\" scrolling=\"no\" frameborder=\"no\" src=\"https:\/\/w.soundcloud.com\/player\/?visual=true&#038;url=https%3A%2F%2Fapi.soundcloud.com%2Ftracks%2F1291022767&#038;show_artwork=true&#038;maxheight=975&#038;maxwidth=650\"><\/iframe>\n<\/div><\/figure>\n\n\n\n<p>Bonne \u00e9coute !<\/p>\n","protected":false},"excerpt":{"rendered":"<p>Cette ann\u00e9e, la classe des 4\u00b0 Pascal a men\u00e9 un projet de cr\u00e9ation d&rsquo;une \u00e9mission radio, en partenariat avec Radio Campus Bordeaux, la radio des \u00e9tudiants ! Retrouvez nos apprentis journalistes en cliquant sur Bonne \u00e9coute !<\/p>\n","protected":false},"author":127,"featured_media":0,"comment_status":"closed","ping_status":"open","sticky":false,"template":"","format":"standard","meta":{"footnotes":""},"categories":[38,11],"tags":[31,9,32,30],"class_list":["post-8208","post","type-post","status-publish","format-standard","hentry","category-pedagogie","category-enseignements","tag-classe-radio","tag-college-lapierre","tag-emi","tag-lormont"],"_links":{"self":[{"href":"https:\/\/vtest1.college-lapierre.fr\/index.php?rest_route=\/wp\/v2\/posts\/8208","targetHints":{"allow":["GET"]}}],"collection":[{"href":"https:\/\/vtest1.college-lapierre.fr\/index.php?rest_route=\/wp\/v2\/posts"}],"about":[{"href":"https:\/\/vtest1.college-lapierre.fr\/index.php?rest_route=\/wp\/v2\/types\/post"}],"author":[{"embeddable":true,"href":"https:\/\/vtest1.college-lapierre.fr\/index.php?rest_route=\/wp\/v2\/users\/127"}],"replies":[{"embeddable":true,"href":"https:\/\/vtest1.college-lapierre.fr\/index.php?rest_route=%2Fwp%2Fv2%2Fcomments&post=8208"}],"version-history":[{"count":1,"href":"https:\/\/vtest1.college-lapierre.fr\/index.php?rest_route=\/wp\/v2\/posts\/8208\/revisions"}],"predecessor-version":[{"id":9130,"href":"https:\/\/vtest1.college-lapierre.fr\/index.php?rest_route=\/wp\/v2\/posts\/8208\/revisions\/9130"}],"wp:attachment":[{"href":"https:\/\/vtest1.college-lapierre.fr\/index.php?rest_route=%2Fwp%2Fv2%2Fmedia&parent=8208"}],"wp:term":[{"taxonomy":"category","embeddable":true,"href":"https:\/\/vtest1.college-lapierre.fr\/index.php?rest_route=%2Fwp%2Fv2%2Fcategories&post=8208"},{"taxonomy":"post_tag","embeddable":true,"href":"https:\/\/vtest1.college-lapierre.fr\/index.php?rest_route=%2Fwp%2Fv2%2Ftags&post=8208"}],"curies":[{"name":"wp","href":"https:\/\/api.w.org\/{rel}","templated":true}]}}