{"id":8287,"date":"2022-09-19T12:13:00","date_gmt":"2022-09-19T11:13:00","guid":{"rendered":"http:\/\/www.college-lapierre.fr\/?p=8287"},"modified":"2023-07-15T10:54:18","modified_gmt":"2023-07-15T10:54:18","slug":"a-la-decouverte-dun-quartier-en-pleine-transformation-belcier-euratlantique","status":"publish","type":"post","link":"https:\/\/vtest1.college-lapierre.fr\/?p=8287","title":{"rendered":"A la d\u00e9couverte d&rsquo;un quartier en pleine transformation : Belcier Euratlantique"},"content":{"rendered":"\n<p>Vendredi 16 septembre, Les 6\u00e8me ZENITH ont visit\u00e9 le quartier Belcier Euratlantique \u00e0 c\u00f4t\u00e9 de la gare Saint-Jean avec une urbaniste du Conseil d&rsquo;architecture, d&rsquo;urbanisme et de l&rsquo;environnement (caue). <\/p>\n\n\n\n<p>\u00ab\u00a0Nous avons travers\u00e9 le quartier avec une urbaniste. Au d\u00e9part, nous avons vu des b\u00e2timents anciens qui \u00e9taient en cours de d\u00e9molition. En effet, les anciennes \u00e9choppes sont d\u00e9truites pour laisser place \u00e0 des r\u00e9sidences modernes. Nous nous sommes approch\u00e9s de la Garonne. Nous avons aper\u00e7u le pont Eiffel qui n&rsquo;est plus utilis\u00e9 aujourd&rsquo;hui pour la circulation des trains. Nous avons notamment pu observer les anciennes halles de 1838 qui sont occup\u00e9es maintenant par des restaurants. Nous nous sommes ensuite rendus au c\u0153ur du quartier des affaires Euratlantique compos\u00e9 de bureaux. C&rsquo;est vraiment un quartier en pleine transformation.\u00a0\u00bb Violette<\/p>\n\n\n\n<p>\u00ab\u00a0J&rsquo;ai appr\u00e9ci\u00e9 le street art durant la visite. Les graffitis \u00e9taient tous plus beaux les uns que les autres.\u00a0\u00bb Asmin<\/p>\n\n\n\n<p>\u00ab\u00a0J&rsquo;ai trouv\u00e9 incroyable le b\u00e2timent blanc de la M\u00e9Ca\u00a0\u00bb Muhammed<\/p>\n\n\n\n<figure class=\"wp-block-image size-large\"><a href=\"https:\/\/vtest1.college-lapierre.fr\/wp-content\/uploads\/2022\/09\/IMG-9972-scaled-1.jpg\"><img decoding=\"async\" src=\"http:\/\/www.college-lapierre.fr\/wp-content\/uploads\/2022\/09\/IMG-9972-1024x768.jpg\" alt=\"\" class=\"wp-image-8288\" \/><\/a><\/figure>\n\n\n\n<figure class=\"wp-block-image size-large\"><a href=\"https:\/\/vtest1.college-lapierre.fr\/wp-content\/uploads\/2022\/09\/IMG-9989-2-scaled-1.jpg\"><img decoding=\"async\" src=\"http:\/\/www.college-lapierre.fr\/wp-content\/uploads\/2022\/09\/IMG-9989-2-768x1024.jpg\" alt=\"\" class=\"wp-image-8300\" \/><\/a><\/figure>\n\n\n\n<figure class=\"wp-block-image size-large\"><a href=\"https:\/\/vtest1.college-lapierre.fr\/wp-content\/uploads\/2022\/09\/IMG-9980-2-scaled-1.jpg\"><img decoding=\"async\" src=\"http:\/\/www.college-lapierre.fr\/wp-content\/uploads\/2022\/09\/IMG-9980-2-768x1024.jpg\" alt=\"\" class=\"wp-image-8303\" \/><\/a><\/figure>\n\n\n\n\n\n<figure class=\"wp-block-image size-large\"><a href=\"https:\/\/vtest1.college-lapierre.fr\/wp-content\/uploads\/2022\/09\/IMG-9966-2-scaled-1.jpg\"><img decoding=\"async\" src=\"http:\/\/www.college-lapierre.fr\/wp-content\/uploads\/2022\/09\/IMG-9966-2-1024x768.jpg\" alt=\"\" class=\"wp-image-8306\" \/><\/a><\/figure>\n","protected":false},"excerpt":{"rendered":"<p>Vendredi 16 septembre, Les 6\u00e8me ZENITH ont visit\u00e9 le quartier Belcier Euratlantique \u00e0 c\u00f4t\u00e9 de la gare Saint-Jean avec une urbaniste du Conseil d&rsquo;architecture, d&rsquo;urbanisme et de l&rsquo;environnement (caue). \u00ab\u00a0Nous avons travers\u00e9 le quartier avec une urbaniste. Au d\u00e9part, nous avons vu des b\u00e2timents anciens qui \u00e9taient en cours de d\u00e9molition. En effet, les anciennes&#8230;<\/p>\n<p class=\"more-link-wrap\"><a href=\"https:\/\/vtest1.college-lapierre.fr\/?p=8287\" class=\"more-link\">Read More<span class=\"screen-reader-text\"> &ldquo;A la d\u00e9couverte d&rsquo;un quartier en pleine transformation : Belcier Euratlantique&rdquo;<\/span> &raquo;<\/a><\/p>\n","protected":false},"author":131,"featured_media":0,"comment_status":"closed","ping_status":"open","sticky":false,"template":"","format":"standard","meta":{"footnotes":""},"categories":[11],"tags":[],"class_list":["post-8287","post","type-post","status-publish","format-standard","hentry","category-enseignements"],"_links":{"self":[{"href":"https:\/\/vtest1.college-lapierre.fr\/index.php?rest_route=\/wp\/v2\/posts\/8287","targetHints":{"allow":["GET"]}}],"collection":[{"href":"https:\/\/vtest1.college-lapierre.fr\/index.php?rest_route=\/wp\/v2\/posts"}],"about":[{"href":"https:\/\/vtest1.college-lapierre.fr\/index.php?rest_route=\/wp\/v2\/types\/post"}],"author":[{"embeddable":true,"href":"https:\/\/vtest1.college-lapierre.fr\/index.php?rest_route=\/wp\/v2\/users\/131"}],"replies":[{"embeddable":true,"href":"https:\/\/vtest1.college-lapierre.fr\/index.php?rest_route=%2Fwp%2Fv2%2Fcomments&post=8287"}],"version-history":[{"count":1,"href":"https:\/\/vtest1.college-lapierre.fr\/index.php?rest_route=\/wp\/v2\/posts\/8287\/revisions"}],"predecessor-version":[{"id":9119,"href":"https:\/\/vtest1.college-lapierre.fr\/index.php?rest_route=\/wp\/v2\/posts\/8287\/revisions\/9119"}],"wp:attachment":[{"href":"https:\/\/vtest1.college-lapierre.fr\/index.php?rest_route=%2Fwp%2Fv2%2Fmedia&parent=8287"}],"wp:term":[{"taxonomy":"category","embeddable":true,"href":"https:\/\/vtest1.college-lapierre.fr\/index.php?rest_route=%2Fwp%2Fv2%2Fcategories&post=8287"},{"taxonomy":"post_tag","embeddable":true,"href":"https:\/\/vtest1.college-lapierre.fr\/index.php?rest_route=%2Fwp%2Fv2%2Ftags&post=8287"}],"curies":[{"name":"wp","href":"https:\/\/api.w.org\/{rel}","templated":true}]}}