{"id":8312,"date":"2022-09-28T10:07:09","date_gmt":"2022-09-28T09:07:09","guid":{"rendered":"http:\/\/www.college-lapierre.fr\/?p=8312"},"modified":"2023-07-15T10:54:18","modified_gmt":"2023-07-15T10:54:18","slug":"exposition-nous-et-les-autres-des-prejuges-au-racisme","status":"publish","type":"post","link":"https:\/\/vtest1.college-lapierre.fr\/?p=8312","title":{"rendered":"Exposition \u00ab\u00a0Nous et les autres, des pr\u00e9jug\u00e9s au racisme\u00a0\u00bb"},"content":{"rendered":"\n<blockquote class=\"wp-block-quote is-layout-flow wp-block-quote-is-layout-flow\"><p>\u00ab\u00a0Le mardi 27 septembre, nous avons visit\u00e9 une exposition temporaire au Mus\u00e9um Sciences et nature de Bordeaux. Nous avons d\u00e9couvert que dans l&rsquo;histoire de a France mais aussi celle d&rsquo;autres pays, il y a eu beaucoup de racisme et de discriminations. Heureusement aujourd&rsquo;hui, \u00e7a a diminu\u00e9.\u00a0\u00bb Les \u00e9l\u00e8ves de 4\u00e8me Steinem <\/p><\/blockquote>\n\n\n\n<figure class=\"wp-block-image size-large\"><a href=\"https:\/\/vtest1.college-lapierre.fr\/wp-content\/uploads\/2022\/09\/IMG-0045-1-scaled-1.jpg\"><img decoding=\"async\" src=\"http:\/\/www.college-lapierre.fr\/wp-content\/uploads\/2022\/09\/IMG-0045-1-1024x768.jpg\" alt=\"\" class=\"wp-image-8319\" \/><\/a><\/figure>\n\n\n\n<figure class=\"wp-block-gallery columns-1 is-cropped wp-block-gallery-1 is-layout-flex wp-block-gallery-is-layout-flex\"><ul class=\"blocks-gallery-grid\"><li class=\"blocks-gallery-item\"><figure><a href=\"https:\/\/vtest1.college-lapierre.fr\/wp-content\/uploads\/2022\/09\/IMG-0055-1-scaled-1.jpg\"><img decoding=\"async\" src=\"http:\/\/www.college-lapierre.fr\/wp-content\/uploads\/2022\/09\/IMG-0055-1-1024x768.jpg\" alt=\"\" data-id=\"8318\" data-full-url=\"https:\/\/vtest1.college-lapierre.fr\/wp-content\/uploads\/2022\/09\/IMG-0055-1-scaled-1.jpg\" data-link=\"http:\/\/www.college-lapierre.fr\/?attachment_id=8318\" class=\"wp-image-8318\" \/><\/a><\/figure><\/li><\/ul><\/figure>\n\n\n\n<figure class=\"wp-block-pullquote\"><blockquote><p>\u00ab\u00a0J&rsquo;ai \u00e9t\u00e9 particuli\u00e8rement choqu\u00e9e par des affiches du XIX\u00e8me si\u00e8cle sur des expositions universelles montrant des villages africains comme des curiosit\u00e9s.\u00a0\u00bb <\/p><cite>Sarah <\/cite><\/blockquote><\/figure>\n\n\n\n<blockquote class=\"wp-block-quote is-layout-flow wp-block-quote-is-layout-flow\"><p>J&rsquo;ai appris que les Nazis ont extermin\u00e9 plus de 6 millions de Juifs pendant la 2nde guerre mondiale. Un objet a particuli\u00e8rement attir\u00e9 mon attention : un bidon de zykon B contenant le gaz utilis\u00e9 dans les chambres \u00e0 gaz.\u00a0\u00bb <\/p><p>Taho <\/p><\/blockquote>\n\n\n\n<figure class=\"wp-block-pullquote\"><blockquote><p>Nous avons appris qu&rsquo;aux Etats-Unis jusque dans les ann\u00e9es 1960, les Noirs et les Blancs \u00e9taient s\u00e9par\u00e9s dans certaines \u00e9coles. Nous avons \u00e9t\u00e9 choqu\u00e9es par les violences faites \u00e0 l&rsquo;\u00e9gard des Noirs notamment commises par le Ku Klux Klan\u00a0\u00bb<\/p><cite>Tuana et Ranya <\/cite><\/blockquote><\/figure>\n\n\n\n<blockquote class=\"wp-block-quote is-layout-flow wp-block-quote-is-layout-flow\"><p>\u00ab\u00a0Dans cette exposition, j&rsquo;ai appris que les populations sont cibl\u00e9es pour leurs diff\u00e9rences de religion ou de couleurs de peau. On les maltraite, on les met en esclavage ou on les extermine\u00a0\u00bb <\/p><cite>Yassine<\/cite><\/blockquote>\n\n\n\n<p><\/p>\n","protected":false},"excerpt":{"rendered":"<p>\u00ab\u00a0Le mardi 27 septembre, nous avons visit\u00e9 une exposition temporaire au Mus\u00e9um Sciences et nature de Bordeaux. Nous avons d\u00e9couvert que dans l&rsquo;histoire de a France mais aussi celle d&rsquo;autres pays, il y a eu beaucoup de racisme et de discriminations. Heureusement aujourd&rsquo;hui, \u00e7a a diminu\u00e9.\u00a0\u00bb Les \u00e9l\u00e8ves de 4\u00e8me Steinem \u00ab\u00a0J&rsquo;ai \u00e9t\u00e9 particuli\u00e8rement choqu\u00e9e&#8230;<\/p>\n<p class=\"more-link-wrap\"><a href=\"https:\/\/vtest1.college-lapierre.fr\/?p=8312\" class=\"more-link\">Read More<span class=\"screen-reader-text\"> &ldquo;Exposition \u00ab\u00a0Nous et les autres, des pr\u00e9jug\u00e9s au racisme\u00a0\u00bb&rdquo;<\/span> &raquo;<\/a><\/p>\n","protected":false},"author":131,"featured_media":0,"comment_status":"closed","ping_status":"open","sticky":false,"template":"","format":"standard","meta":{"footnotes":""},"categories":[11],"tags":[],"class_list":["post-8312","post","type-post","status-publish","format-standard","hentry","category-enseignements"],"_links":{"self":[{"href":"https:\/\/vtest1.college-lapierre.fr\/index.php?rest_route=\/wp\/v2\/posts\/8312","targetHints":{"allow":["GET"]}}],"collection":[{"href":"https:\/\/vtest1.college-lapierre.fr\/index.php?rest_route=\/wp\/v2\/posts"}],"about":[{"href":"https:\/\/vtest1.college-lapierre.fr\/index.php?rest_route=\/wp\/v2\/types\/post"}],"author":[{"embeddable":true,"href":"https:\/\/vtest1.college-lapierre.fr\/index.php?rest_route=\/wp\/v2\/users\/131"}],"replies":[{"embeddable":true,"href":"https:\/\/vtest1.college-lapierre.fr\/index.php?rest_route=%2Fwp%2Fv2%2Fcomments&post=8312"}],"version-history":[{"count":1,"href":"https:\/\/vtest1.college-lapierre.fr\/index.php?rest_route=\/wp\/v2\/posts\/8312\/revisions"}],"predecessor-version":[{"id":9118,"href":"https:\/\/vtest1.college-lapierre.fr\/index.php?rest_route=\/wp\/v2\/posts\/8312\/revisions\/9118"}],"wp:attachment":[{"href":"https:\/\/vtest1.college-lapierre.fr\/index.php?rest_route=%2Fwp%2Fv2%2Fmedia&parent=8312"}],"wp:term":[{"taxonomy":"category","embeddable":true,"href":"https:\/\/vtest1.college-lapierre.fr\/index.php?rest_route=%2Fwp%2Fv2%2Fcategories&post=8312"},{"taxonomy":"post_tag","embeddable":true,"href":"https:\/\/vtest1.college-lapierre.fr\/index.php?rest_route=%2Fwp%2Fv2%2Ftags&post=8312"}],"curies":[{"name":"wp","href":"https:\/\/api.w.org\/{rel}","templated":true}]}}