{"id":8367,"date":"2022-11-24T15:07:37","date_gmt":"2022-11-24T15:07:37","guid":{"rendered":"http:\/\/www.college-lapierre.fr\/?p=8367"},"modified":"2023-07-16T12:39:26","modified_gmt":"2023-07-16T12:39:26","slug":"le-kiosque-pygmalion","status":"publish","type":"post","link":"https:\/\/vtest1.college-lapierre.fr\/?p=8367","title":{"rendered":"Le kiosque Pygmalion"},"content":{"rendered":"\n<p class=\"has-text-align-left\">Le 23 novembre 2022, les troisi\u00e8mes VALERA ont eu l&rsquo;opportunit\u00e9 de participer \u00e0 un concert interactif \u00e0 la station Ausone de la librairie Mollat, dans le cadre du kiosque Pygmalion : un projet dont le but est de familiariser un public \u00e9loign\u00e9 de la musique savante avec ce r\u00e9pertoire.<\/p>\n\n\n\n<figure class=\"wp-block-gallery columns-1 is-cropped wp-block-gallery-1 is-layout-flex wp-block-gallery-is-layout-flex\"><ul class=\"blocks-gallery-grid\"><li class=\"blocks-gallery-item\"><figure><a href=\"https:\/\/vtest1.college-lapierre.fr\/wp-content\/uploads\/2022\/11\/Photo-1-scaled-1.jpg\"><img decoding=\"async\" src=\"https:\/\/vtest1.college-lapierre.fr\/wp-content\/uploads\/2022\/11\/Photo-1-768x1024.jpg\" alt=\"\" data-id=\"8373\" data-full-url=\"https:\/\/vtest1.college-lapierre.fr\/wp-content\/uploads\/2022\/11\/Photo-1-scaled-1.jpg\" data-link=\"http:\/\/www.college-lapierre.fr\/?attachment_id=8373\" class=\"wp-image-8373\" \/><\/a><\/figure><\/li><\/ul><\/figure>\n\n\n\n<p class=\"has-text-align-left\">L&rsquo;ensemble instrumental qui a anim\u00e9 cet \u00e9v\u00e9nement s&rsquo;appelle l&rsquo;<em>Escadron volant de la Reine<\/em>. Ce nom fait r\u00e9f\u00e9rence aux femmes charg\u00e9es, par Catherine de M\u00e9dicis, d&rsquo;am\u00e9liorer les relations avec les cours europ\u00e9ennes, au XVII<sup>\u00e8me<\/sup> si\u00e8cle, uniquement par leur \u00ab\u00a0diplomatie\u00a0\u00bb. Les artistes qui composent cet effectif se produisent \u00e0 l&rsquo;\u00e9chelle europ\u00e9enne et tentent, avec bonheur et passion, de faire revivre la musique baroque pratiqu\u00e9e au XVII<sup>\u00e8me<\/sup> si\u00e8cle et dans la premi\u00e8re moiti\u00e9 du XVIII<sup>\u00e8me<\/sup> si\u00e8cle.<\/p>\n\n\n\n<figure class=\"wp-block-image size-large\"><a href=\"https:\/\/vtest1.college-lapierre.fr\/wp-content\/uploads\/2022\/11\/Image-.jpg\"><img loading=\"lazy\" decoding=\"async\" width=\"900\" height=\"921\" src=\"https:\/\/vtest1.college-lapierre.fr\/wp-content\/uploads\/2022\/11\/Image-.jpg\" alt=\"\" class=\"wp-image-8368\" srcset=\"https:\/\/vtest1.college-lapierre.fr\/wp-content\/uploads\/2022\/11\/Image-.jpg 900w, https:\/\/vtest1.college-lapierre.fr\/wp-content\/uploads\/2022\/11\/Image--293x300.jpg 293w, https:\/\/vtest1.college-lapierre.fr\/wp-content\/uploads\/2022\/11\/Image--768x786.jpg 768w\" sizes=\"auto, (max-width: 900px) 100vw, 900px\" \/><\/a><\/figure>\n\n\n\n<figure class=\"wp-block-video aligncenter\"><video height=\"1080\" style=\"aspect-ratio: 1920 \/ 1080;\" width=\"1920\" controls src=\"https:\/\/vtest1.college-lapierre.fr\/wp-content\/uploads\/2022\/11\/Video-5-1.mov\"><\/video><figcaption><br>Eug\u00e9nie Lefebvre, soprano<br>Jos\u00e8phe Cottet, violon<br>Antoine Touche, violoncelle<br>Cl\u00e9ment Geoffroy, clavecin<\/figcaption><\/figure>\n\n\n\n<p>Les musiciens ont livr\u00e9 un concert \u00e9blouissant. Ils se sont illustr\u00e9s par leur humour, leur communication et leur talent ind\u00e9niable. Ils sont parvenus \u00e0 faire jaillir une des caract\u00e9ristiques principales de la musique baroque : la spontan\u00e9it\u00e9 des interpr\u00e8tes.<\/p>\n\n\n\n<figure class=\"wp-block-video\"><video height=\"1080\" style=\"aspect-ratio: 1920 \/ 1080;\" width=\"1920\" controls src=\"https:\/\/vtest1.college-lapierre.fr\/wp-content\/uploads\/2022\/11\/Video-4.mov\"><\/video><\/figure>\n\n\n\n<p>Le r\u00e9pertoire entendu s&rsquo;est articul\u00e9 autour des \u0153uvres de Georg Friedrich Haendel\u00a0(1685-1759), un compositeur du Baroque tardif qui, malgr\u00e9 une vie agit\u00e9e, a produit un nombre remarquable d\u2019\u0153uvres (612 ont \u00e9t\u00e9 retrouv\u00e9es par les musicologues). Les \u00e9l\u00e8ves ont pu percevoir le r\u00f4le que chaque instrument devait rev\u00eatir, les dialogues qui se cr\u00e9aient entre chaque partie, la fa\u00e7on dont les nuances \u00e9taient investies (cf. l&rsquo;air <em>S\u00fcsse stille<\/em> = \u00ab\u00a0Doux silence\u00a0\u00bb), etc.<\/p>\n\n\n\n<figure class=\"wp-block-video\"><video height=\"1080\" style=\"aspect-ratio: 1920 \/ 1080;\" width=\"1920\" controls src=\"https:\/\/vtest1.college-lapierre.fr\/wp-content\/uploads\/2022\/11\/3eme-1.mp4\"><\/video><\/figure>\n\n\n\n<p>Les \u00e9changes entre les \u00e9l\u00e8ves et les musiciens ont \u00e9t\u00e9 riches : le temps nous aura m\u00eame manqu\u00e9 pour chacun puisse poser ses questions. Les VALERA ont d\u00e9couvert le fonctionnement du statut d&rsquo;intermittent du spectacle, le quotidien des musiciens, le parcours qu&rsquo;ils ont suivi pour devenir professionnels, le travail n\u00e9cessaire pour y parvenir, etc. Chaque artiste a, d&rsquo;ailleurs, profit\u00e9 de ce moment pour donner des explications sur les instruments pratiqu\u00e9s.<\/p>\n\n\n\n<figure class=\"wp-block-image size-large\"><a href=\"https:\/\/vtest1.college-lapierre.fr\/wp-content\/uploads\/2022\/11\/Photo-2-scaled-1.jpg\"><img decoding=\"async\" src=\"http:\/\/www.college-lapierre.fr\/wp-content\/uploads\/2022\/11\/Photo-2-768x1024.jpg\" alt=\"\" class=\"wp-image-8378\" \/><\/a><\/figure>\n\n\n\n<figure class=\"wp-block-video\"><video height=\"1920\" style=\"aspect-ratio: 1080 \/ 1920;\" width=\"1080\" controls src=\"https:\/\/vtest1.college-lapierre.fr\/wp-content\/uploads\/2022\/11\/4eme.mp4\"><\/video><\/figure>\n\n\n\n<p>Nous f\u00e9licitons l&rsquo;ensemble l&rsquo;<em>Escadron volant de la Reine<\/em> pour son professionnalisme, son authenticit\u00e9 et son d\u00e9sir manifeste de partager avec les \u00e9l\u00e8ves. N&rsquo;oublions pas, non plus, cette phrase que les artistes ont affirm\u00e9e  : \u00ab\u00a0cette classe est vraiment top, c&rsquo;\u00e9tait super !\u00a0\u00bb. Nous ne pouvons donc qu&rsquo;\u00eatre \u00e9logieux \u00e0 l&rsquo;\u00e9gard de nos \u00e9l\u00e8ves qui, malgr\u00e9 un r\u00e9pertoire tr\u00e8s \u00e9loign\u00e9 de leur quotidien, ont men\u00e9 un travail remarquable en \u00e9ducation musicale pour pr\u00e9parer l&rsquo;\u00e9v\u00e9nement. Bravo pour leur curiosit\u00e9, pour leurs interactions avec les musiciens et pour l&rsquo;int\u00e9r\u00eat qu&rsquo;ils ont port\u00e9 \u00e0 ce style musique.<\/p>\n","protected":false},"excerpt":{"rendered":"<p>Le 23 novembre 2022, les troisi\u00e8mes VALERA ont eu l&rsquo;opportunit\u00e9 de participer \u00e0 un concert interactif \u00e0 la station Ausone de la librairie Mollat, dans le cadre du kiosque Pygmalion : un projet dont le but est de familiariser un public \u00e9loign\u00e9 de la musique savante avec ce r\u00e9pertoire. L&rsquo;ensemble instrumental qui a anim\u00e9 cet&#8230;<\/p>\n<p class=\"more-link-wrap\"><a href=\"https:\/\/vtest1.college-lapierre.fr\/?p=8367\" class=\"more-link\">Read More<span class=\"screen-reader-text\"> &ldquo;Le kiosque Pygmalion&rdquo;<\/span> &raquo;<\/a><\/p>\n","protected":false},"author":108,"featured_media":0,"comment_status":"closed","ping_status":"open","sticky":false,"template":"","format":"standard","meta":{"footnotes":""},"categories":[11],"tags":[],"class_list":["post-8367","post","type-post","status-publish","format-standard","hentry","category-enseignements"],"_links":{"self":[{"href":"https:\/\/vtest1.college-lapierre.fr\/index.php?rest_route=\/wp\/v2\/posts\/8367","targetHints":{"allow":["GET"]}}],"collection":[{"href":"https:\/\/vtest1.college-lapierre.fr\/index.php?rest_route=\/wp\/v2\/posts"}],"about":[{"href":"https:\/\/vtest1.college-lapierre.fr\/index.php?rest_route=\/wp\/v2\/types\/post"}],"author":[{"embeddable":true,"href":"https:\/\/vtest1.college-lapierre.fr\/index.php?rest_route=\/wp\/v2\/users\/108"}],"replies":[{"embeddable":true,"href":"https:\/\/vtest1.college-lapierre.fr\/index.php?rest_route=%2Fwp%2Fv2%2Fcomments&post=8367"}],"version-history":[{"count":1,"href":"https:\/\/vtest1.college-lapierre.fr\/index.php?rest_route=\/wp\/v2\/posts\/8367\/revisions"}],"predecessor-version":[{"id":9115,"href":"https:\/\/vtest1.college-lapierre.fr\/index.php?rest_route=\/wp\/v2\/posts\/8367\/revisions\/9115"}],"wp:attachment":[{"href":"https:\/\/vtest1.college-lapierre.fr\/index.php?rest_route=%2Fwp%2Fv2%2Fmedia&parent=8367"}],"wp:term":[{"taxonomy":"category","embeddable":true,"href":"https:\/\/vtest1.college-lapierre.fr\/index.php?rest_route=%2Fwp%2Fv2%2Fcategories&post=8367"},{"taxonomy":"post_tag","embeddable":true,"href":"https:\/\/vtest1.college-lapierre.fr\/index.php?rest_route=%2Fwp%2Fv2%2Ftags&post=8367"}],"curies":[{"name":"wp","href":"https:\/\/api.w.org\/{rel}","templated":true}]}}