{"id":8391,"date":"2022-11-28T14:02:44","date_gmt":"2022-11-28T13:02:44","guid":{"rendered":"http:\/\/www.college-lapierre.fr\/?p=8391"},"modified":"2023-07-15T10:54:18","modified_gmt":"2023-07-15T10:54:18","slug":"les-graines-de-lapierre-ont-repris-racine-au-potager","status":"publish","type":"post","link":"https:\/\/vtest1.college-lapierre.fr\/?p=8391","title":{"rendered":"Les Graines de Lapierre ont repris racine au potager !"},"content":{"rendered":"\n<p>\u00ab\u00a0Mieux vaut tard que jamais\u00a0\u00bb pour vous annoncer la continuit\u00e9 de notre projet pour la troisi\u00e8me saison cons\u00e9cutive ! <\/p>\n\n\n\n<p> Nous \u00e9tions tr\u00e8s heureux de l&rsquo;\u00e9volution l&rsquo;an pass\u00e9 : l&rsquo;agrandissement des parcelles pour int\u00e9grer le potager m\u00e9di\u00e9val et le potager d\u00e9di\u00e9 \u00e0 la S.V.T,  la diversification des plantations (pieds de vigne, figuier, plantes m\u00e9dicinales, l\u00e9gumes anciens et autres) et l&rsquo;am\u00e9nagement du lieu avec avec des composts, des bacs \u00e0 fleurs, des tables et des bancs pour en faire un lieu de vie utilisable par tous. <\/p>\n\n\n\n<p>Cette ann\u00e9e, c&rsquo;est avec un groupe d'\u00a0\u00bbanciens\u00a0\u00bb mais aussi de nouvelles recrues que nous perp\u00e9tuons l&rsquo;aventure depuis d\u00e9but Octobre avec quelques s\u00e9ances \u00e0 notre actif !<\/p>\n\n\n\n<p>Nous avons tout arrach\u00e9, tout retourn\u00e9, nourri le sol avec de la nouvelle terre et couvert de nouveau avec des feuilles et du carton pour la saison hivernale. <\/p>\n\n\n\n<p>Nous avons aussi rencontr\u00e9 nos nouveaux partenaires : le domaine d&rsquo;Ecoline \u00e0 Sadirac. <\/p>\n\n\n\n<p><a href=\"https:\/\/www.domaine-ecoline.fr\/\">https:\/\/www.domaine-ecoline.fr\/<\/a><\/p>\n\n\n\n<p>C&rsquo;est Mathias, le maraicher, qui nous a accueilli sur le domaine, fait faire la visite du potager, de la ferme p\u00e9dagogique et de la boutique. Quel lieu ! Il nous a \u00e9galement fait participer \u00e0 la plantation de semis de salades, d&rsquo;\u00e9pinards et de f\u00e8ves. On a bien travaill\u00e9 alors on a \u00e9t\u00e9 r\u00e9compens\u00e9 et avons pu en ramener au coll\u00e8ge ! Puis on a pu faire une d\u00e9gustation de produits locaux commercialis\u00e9s sur place : du coca aquitain, de la limonade du coin &#8230; <\/p>\n\n\n\n<p>Nous avons vraiment pass\u00e9 un bon moment et attendons avec impatience la visite au printemps. <\/p>\n\n\n\n<p>Place d\u00e9sormais au soin de nos derni\u00e8res plantations (salades, \u00e9pinards, pommier) , \u00e0 la surveillance de nos pieds d&rsquo;avocat, et \u00e0 la pr\u00e9paration des futurs semis. <\/p>\n\n\n\n<p>Nous serons ravis de vous recevoir sur notre stand \u00e0 partir de 17h30 au March\u00e9 de No\u00ebl du coll\u00e8ge organis\u00e9 le  Mardi 6 D\u00e9cembre pour en discuter et vous proposer quelques plantes pour votre int\u00e9rieur ! <\/p>\n\n\n\n<p>A bient\u00f4t ! <\/p>\n\n\n\n<figure class=\"wp-block-image size-large\"><a href=\"https:\/\/vtest1.college-lapierre.fr\/wp-content\/uploads\/2022\/11\/IMG-3062-2-scaled-1.jpg\"><img decoding=\"async\" src=\"http:\/\/www.college-lapierre.fr\/wp-content\/uploads\/2022\/11\/IMG-3062-2-768x1024.jpg\" alt=\"\" class=\"wp-image-8404\" \/><\/a><\/figure>\n\n\n\n<figure class=\"wp-block-image size-large\"><a href=\"https:\/\/vtest1.college-lapierre.fr\/wp-content\/uploads\/2022\/11\/IMG-3060-2-scaled-1.jpg\"><img decoding=\"async\" src=\"http:\/\/www.college-lapierre.fr\/wp-content\/uploads\/2022\/11\/IMG-3060-2-768x1024.jpg\" alt=\"\" class=\"wp-image-8405\" \/><\/a><\/figure>\n\n\n\n<p> <\/p>\n\n\n\n<figure class=\"wp-block-image size-large\"><a href=\"https:\/\/vtest1.college-lapierre.fr\/wp-content\/uploads\/2022\/11\/IMG-3057-1-scaled-1.jpg\"><img decoding=\"async\" src=\"http:\/\/www.college-lapierre.fr\/wp-content\/uploads\/2022\/11\/IMG-3057-1-768x1024.jpg\" alt=\"\" class=\"wp-image-8407\" \/><\/a><\/figure>\n\n\n\n<figure class=\"wp-block-image size-large\"><a href=\"https:\/\/vtest1.college-lapierre.fr\/wp-content\/uploads\/2022\/11\/IMG-3061-2-scaled-1.jpg\"><img decoding=\"async\" src=\"http:\/\/www.college-lapierre.fr\/wp-content\/uploads\/2022\/11\/IMG-3061-2-1024x768.jpg\" alt=\"\" class=\"wp-image-8408\" \/><\/a><\/figure>\n\n\n\n<figure class=\"wp-block-image size-large\"><a href=\"https:\/\/vtest1.college-lapierre.fr\/wp-content\/uploads\/2022\/11\/IMG-3781-scaled-1.jpg\"><img decoding=\"async\" src=\"http:\/\/www.college-lapierre.fr\/wp-content\/uploads\/2022\/11\/IMG-3781-1024x768.jpg\" alt=\"\" class=\"wp-image-8409\" \/><\/a><\/figure>\n\n\n\n<figure class=\"wp-block-image size-large\"><a href=\"https:\/\/vtest1.college-lapierre.fr\/wp-content\/uploads\/2022\/11\/IMG-3757-1-scaled-1.jpg\"><img decoding=\"async\" src=\"http:\/\/www.college-lapierre.fr\/wp-content\/uploads\/2022\/11\/IMG-3757-1-1024x768.jpg\" alt=\"\" class=\"wp-image-8410\" \/><\/a><\/figure>\n\n\n\n<figure class=\"wp-block-image size-large\"><a href=\"https:\/\/vtest1.college-lapierre.fr\/wp-content\/uploads\/2022\/11\/IMG-3762-scaled-1.jpg\"><img decoding=\"async\" src=\"http:\/\/www.college-lapierre.fr\/wp-content\/uploads\/2022\/11\/IMG-3762-768x1024.jpg\" alt=\"\" class=\"wp-image-8411\" \/><\/a><\/figure>\n\n\n\n<figure class=\"wp-block-image size-large\"><a href=\"https:\/\/vtest1.college-lapierre.fr\/wp-content\/uploads\/2022\/11\/IMG-3778-scaled-1.jpg\"><img decoding=\"async\" src=\"http:\/\/www.college-lapierre.fr\/wp-content\/uploads\/2022\/11\/IMG-3778-768x1024.jpg\" alt=\"\" class=\"wp-image-8412\" \/><\/a><\/figure>\n\n\n\n<figure class=\"wp-block-image size-large\"><a href=\"https:\/\/vtest1.college-lapierre.fr\/wp-content\/uploads\/2022\/11\/IMG-3750-1-scaled-1.jpg\"><img decoding=\"async\" src=\"http:\/\/www.college-lapierre.fr\/wp-content\/uploads\/2022\/11\/IMG-3750-1-768x1024.jpg\" alt=\"\" class=\"wp-image-8413\" \/><\/a><\/figure>\n\n\n\n<figure class=\"wp-block-image size-large\"><a href=\"https:\/\/vtest1.college-lapierre.fr\/wp-content\/uploads\/2022\/11\/IMG-3993-scaled-1.jpg\"><img decoding=\"async\" src=\"http:\/\/www.college-lapierre.fr\/wp-content\/uploads\/2022\/11\/IMG-3993-768x1024.jpg\" alt=\"\" class=\"wp-image-8415\" \/><\/a><\/figure>\n\n\n\n<figure class=\"wp-block-image size-large\"><a href=\"https:\/\/vtest1.college-lapierre.fr\/wp-content\/uploads\/2022\/11\/IMG-3988-scaled-1.jpg\"><img decoding=\"async\" src=\"http:\/\/www.college-lapierre.fr\/wp-content\/uploads\/2022\/11\/IMG-3988-768x1024.jpg\" alt=\"\" class=\"wp-image-8416\" \/><\/a><\/figure>\n\n\n\n<figure class=\"wp-block-image size-large\"><a href=\"https:\/\/vtest1.college-lapierre.fr\/wp-content\/uploads\/2022\/11\/IMG-3989-scaled-1.jpg\"><img decoding=\"async\" src=\"http:\/\/www.college-lapierre.fr\/wp-content\/uploads\/2022\/11\/IMG-3989-768x1024.jpg\" alt=\"\" class=\"wp-image-8417\" \/><\/a><\/figure>\n","protected":false},"excerpt":{"rendered":"<p>\u00ab\u00a0Mieux vaut tard que jamais\u00a0\u00bb pour vous annoncer la continuit\u00e9 de notre projet pour la troisi\u00e8me saison cons\u00e9cutive ! Nous \u00e9tions tr\u00e8s heureux de l&rsquo;\u00e9volution l&rsquo;an pass\u00e9 : l&rsquo;agrandissement des parcelles pour int\u00e9grer le potager m\u00e9di\u00e9val et le potager d\u00e9di\u00e9 \u00e0 la S.V.T, la diversification des plantations (pieds de vigne, figuier, plantes m\u00e9dicinales, l\u00e9gumes anciens&#8230;<\/p>\n<p class=\"more-link-wrap\"><a href=\"https:\/\/vtest1.college-lapierre.fr\/?p=8391\" class=\"more-link\">Read More<span class=\"screen-reader-text\"> &ldquo;Les Graines de Lapierre ont repris racine au potager !&rdquo;<\/span> &raquo;<\/a><\/p>\n","protected":false},"author":133,"featured_media":0,"comment_status":"closed","ping_status":"open","sticky":false,"template":"","format":"standard","meta":{"footnotes":""},"categories":[11],"tags":[],"class_list":["post-8391","post","type-post","status-publish","format-standard","hentry","category-enseignements"],"_links":{"self":[{"href":"https:\/\/vtest1.college-lapierre.fr\/index.php?rest_route=\/wp\/v2\/posts\/8391","targetHints":{"allow":["GET"]}}],"collection":[{"href":"https:\/\/vtest1.college-lapierre.fr\/index.php?rest_route=\/wp\/v2\/posts"}],"about":[{"href":"https:\/\/vtest1.college-lapierre.fr\/index.php?rest_route=\/wp\/v2\/types\/post"}],"author":[{"embeddable":true,"href":"https:\/\/vtest1.college-lapierre.fr\/index.php?rest_route=\/wp\/v2\/users\/133"}],"replies":[{"embeddable":true,"href":"https:\/\/vtest1.college-lapierre.fr\/index.php?rest_route=%2Fwp%2Fv2%2Fcomments&post=8391"}],"version-history":[{"count":1,"href":"https:\/\/vtest1.college-lapierre.fr\/index.php?rest_route=\/wp\/v2\/posts\/8391\/revisions"}],"predecessor-version":[{"id":9114,"href":"https:\/\/vtest1.college-lapierre.fr\/index.php?rest_route=\/wp\/v2\/posts\/8391\/revisions\/9114"}],"wp:attachment":[{"href":"https:\/\/vtest1.college-lapierre.fr\/index.php?rest_route=%2Fwp%2Fv2%2Fmedia&parent=8391"}],"wp:term":[{"taxonomy":"category","embeddable":true,"href":"https:\/\/vtest1.college-lapierre.fr\/index.php?rest_route=%2Fwp%2Fv2%2Fcategories&post=8391"},{"taxonomy":"post_tag","embeddable":true,"href":"https:\/\/vtest1.college-lapierre.fr\/index.php?rest_route=%2Fwp%2Fv2%2Ftags&post=8391"}],"curies":[{"name":"wp","href":"https:\/\/api.w.org\/{rel}","templated":true}]}}