{"id":8443,"date":"2022-12-08T17:13:16","date_gmt":"2022-12-08T16:13:16","guid":{"rendered":"http:\/\/www.college-lapierre.fr\/?p=8443"},"modified":"2023-07-15T10:54:18","modified_gmt":"2023-07-15T10:54:18","slug":"la-journee-de-la-laicite-se-prepare-au-college-lapierre","status":"publish","type":"post","link":"https:\/\/vtest1.college-lapierre.fr\/?p=8443","title":{"rendered":"La Journ\u00e9e de la La\u00efcit\u00e9 se pr\u00e9pare au coll\u00e8ge Lapierre"},"content":{"rendered":"\n<p>Le vendredi 9 d\u00e9cembre est la journ\u00e9e de la La\u00efcit\u00e9. Les 6\u00e8me DENALI et les 6\u00e8me ZENITH ont pr\u00e9par\u00e9 en EMC une exposition pour pr\u00e9senter leur travail sur la charte de la La\u00efcit\u00e9. <\/p>\n\n\n\n<div class=\"wp-block-columns is-layout-flex wp-container-core-columns-is-layout-9d6595d7 wp-block-columns-is-layout-flex\">\n<div class=\"wp-block-column is-layout-flow wp-block-column-is-layout-flow\" style=\"flex-basis:100%\">\n<figure class=\"wp-block-image size-large\"><a href=\"https:\/\/vtest1.college-lapierre.fr\/wp-content\/uploads\/2022\/12\/IMG-0414-scaled-1.jpg\"><img decoding=\"async\" src=\"http:\/\/www.college-lapierre.fr\/wp-content\/uploads\/2022\/12\/IMG-0414-1024x768.jpg\" alt=\"\" class=\"wp-image-8445\" \/><\/a><\/figure>\n<\/div>\n<\/div>\n\n\n\n<div class=\"wp-block-cover has-background-dim\"><img loading=\"lazy\" decoding=\"async\" width=\"1920\" height=\"2560\" class=\"wp-block-cover__image-background wp-image-8448\" alt=\"\" src=\"https:\/\/vtest1.college-lapierre.fr\/wp-content\/uploads\/2022\/12\/IMG-0410-1-scaled-1.jpg\" data-object-fit=\"cover\" srcset=\"https:\/\/vtest1.college-lapierre.fr\/wp-content\/uploads\/2022\/12\/IMG-0410-1-scaled-1.jpg 1920w, https:\/\/vtest1.college-lapierre.fr\/wp-content\/uploads\/2022\/12\/IMG-0410-1-scaled-1-225x300.jpg 225w, https:\/\/vtest1.college-lapierre.fr\/wp-content\/uploads\/2022\/12\/IMG-0410-1-scaled-1-768x1024.jpg 768w, https:\/\/vtest1.college-lapierre.fr\/wp-content\/uploads\/2022\/12\/IMG-0410-1-scaled-1-1152x1536.jpg 1152w, https:\/\/vtest1.college-lapierre.fr\/wp-content\/uploads\/2022\/12\/IMG-0410-1-scaled-1-1536x2048.jpg 1536w\" sizes=\"auto, (max-width: 1920px) 100vw, 1920px\" \/><div class=\"wp-block-cover__inner-container is-layout-flow wp-block-cover-is-layout-flow\">\n<p class=\"has-large-font-size\">\u00e0 d\u00e9couvrir dans l&rsquo;agora du coll\u00e8ge <\/p>\n<\/div><\/div>\n\n\n\n<figure class=\"wp-block-image size-large\"><a href=\"https:\/\/vtest1.college-lapierre.fr\/wp-content\/uploads\/2022\/12\/IMG-0412-scaled-1.jpg\"><img decoding=\"async\" src=\"http:\/\/www.college-lapierre.fr\/wp-content\/uploads\/2022\/12\/IMG-0412-768x1024.jpg\" alt=\"\" class=\"wp-image-8449\" \/><\/a><\/figure>\n\n\n\n<figure class=\"wp-block-image size-large\"><a href=\"https:\/\/vtest1.college-lapierre.fr\/wp-content\/uploads\/2022\/12\/IMG-0413-scaled-1.jpg\"><img decoding=\"async\" src=\"http:\/\/www.college-lapierre.fr\/wp-content\/uploads\/2022\/12\/IMG-0413-768x1024.jpg\" alt=\"\" class=\"wp-image-8450\" \/><\/a><\/figure>\n","protected":false},"excerpt":{"rendered":"<p>Le vendredi 9 d\u00e9cembre est la journ\u00e9e de la La\u00efcit\u00e9. Les 6\u00e8me DENALI et les 6\u00e8me ZENITH ont pr\u00e9par\u00e9 en EMC une exposition pour pr\u00e9senter leur travail sur la charte de la La\u00efcit\u00e9.<\/p>\n","protected":false},"author":131,"featured_media":0,"comment_status":"closed","ping_status":"open","sticky":false,"template":"","format":"standard","meta":{"footnotes":""},"categories":[11],"tags":[],"class_list":["post-8443","post","type-post","status-publish","format-standard","hentry","category-enseignements"],"_links":{"self":[{"href":"https:\/\/vtest1.college-lapierre.fr\/index.php?rest_route=\/wp\/v2\/posts\/8443","targetHints":{"allow":["GET"]}}],"collection":[{"href":"https:\/\/vtest1.college-lapierre.fr\/index.php?rest_route=\/wp\/v2\/posts"}],"about":[{"href":"https:\/\/vtest1.college-lapierre.fr\/index.php?rest_route=\/wp\/v2\/types\/post"}],"author":[{"embeddable":true,"href":"https:\/\/vtest1.college-lapierre.fr\/index.php?rest_route=\/wp\/v2\/users\/131"}],"replies":[{"embeddable":true,"href":"https:\/\/vtest1.college-lapierre.fr\/index.php?rest_route=%2Fwp%2Fv2%2Fcomments&post=8443"}],"version-history":[{"count":1,"href":"https:\/\/vtest1.college-lapierre.fr\/index.php?rest_route=\/wp\/v2\/posts\/8443\/revisions"}],"predecessor-version":[{"id":9110,"href":"https:\/\/vtest1.college-lapierre.fr\/index.php?rest_route=\/wp\/v2\/posts\/8443\/revisions\/9110"}],"wp:attachment":[{"href":"https:\/\/vtest1.college-lapierre.fr\/index.php?rest_route=%2Fwp%2Fv2%2Fmedia&parent=8443"}],"wp:term":[{"taxonomy":"category","embeddable":true,"href":"https:\/\/vtest1.college-lapierre.fr\/index.php?rest_route=%2Fwp%2Fv2%2Fcategories&post=8443"},{"taxonomy":"post_tag","embeddable":true,"href":"https:\/\/vtest1.college-lapierre.fr\/index.php?rest_route=%2Fwp%2Fv2%2Ftags&post=8443"}],"curies":[{"name":"wp","href":"https:\/\/api.w.org\/{rel}","templated":true}]}}