{"id":8465,"date":"2022-12-14T09:24:13","date_gmt":"2022-12-14T08:24:13","guid":{"rendered":"http:\/\/www.college-lapierre.fr\/?p=8465"},"modified":"2023-07-15T10:54:18","modified_gmt":"2023-07-15T10:54:18","slug":"rencontre-avec-un-artiste-engage-au-musee-ethnographique","status":"publish","type":"post","link":"https:\/\/vtest1.college-lapierre.fr\/?p=8465","title":{"rendered":"Rencontre avec un artiste engag\u00e9 au Mus\u00e9e ethnographique"},"content":{"rendered":"\n<figure class=\"wp-block-image size-large\"><a href=\"https:\/\/vtest1.college-lapierre.fr\/wp-content\/uploads\/2022\/12\/IMG-0430-scaled-1.jpg\"><img decoding=\"async\" src=\"http:\/\/www.college-lapierre.fr\/wp-content\/uploads\/2022\/12\/IMG-0430-768x1024.jpg\" alt=\"\" class=\"wp-image-8466\" \/><\/a><figcaption class=\"wp-element-caption\">Lundi 12 d\u00e9cembre, les 4\u00e8me Steinem ont rencontr\u00e9 Mega Mingiedi, originaire de Kinshasa (R\u00e9publique d\u00e9mocratique du Congo). <\/figcaption><\/figure>\n\n\n\n<p>Nous avons \u00e9chang\u00e9 avec lui autour de ses travaux qui m\u00e9langent r\u00e9cits et cartographie. Dans ses oeuvres, l&rsquo;artiste \u00e9voque la guerre li\u00e9e aux fronti\u00e8res, notamment en Afrique. Il nous a racont\u00e9 comment \u00e0 la fin du XIX\u00e8me si\u00e8cle, les fronti\u00e8res ont \u00e9t\u00e9 trac\u00e9es par les Europ\u00e9ens, se partageant ainsi le continent. Les peuples africains n&rsquo;ont pas \u00e9t\u00e9 convi\u00e9s et n&rsquo;ont pas donn\u00e9 leur avis. Mega propose une autre mani\u00e8re de faire en redessinant les fronti\u00e8res pour en finir avec l&rsquo;h\u00e9ritage de la colonisation.  <\/p>\n\n\n\n<figure class=\"wp-block-image size-large\"><a href=\"https:\/\/vtest1.college-lapierre.fr\/wp-content\/uploads\/2022\/12\/IMG-0429-1-scaled-1.jpg\"><img loading=\"lazy\" decoding=\"async\" width=\"2560\" height=\"2560\" src=\"https:\/\/vtest1.college-lapierre.fr\/wp-content\/uploads\/2022\/12\/IMG-0429-1-edited-scaled-1.jpg\" alt=\"\" class=\"wp-image-8468\" srcset=\"https:\/\/vtest1.college-lapierre.fr\/wp-content\/uploads\/2022\/12\/IMG-0429-1-edited-scaled-1.jpg 2560w, https:\/\/vtest1.college-lapierre.fr\/wp-content\/uploads\/2022\/12\/IMG-0429-1-edited-scaled-1-300x300.jpg 300w, https:\/\/vtest1.college-lapierre.fr\/wp-content\/uploads\/2022\/12\/IMG-0429-1-edited-scaled-1-1024x1024.jpg 1024w, https:\/\/vtest1.college-lapierre.fr\/wp-content\/uploads\/2022\/12\/IMG-0429-1-edited-scaled-1-150x150.jpg 150w, https:\/\/vtest1.college-lapierre.fr\/wp-content\/uploads\/2022\/12\/IMG-0429-1-edited-scaled-1-768x768.jpg 768w, https:\/\/vtest1.college-lapierre.fr\/wp-content\/uploads\/2022\/12\/IMG-0429-1-edited-scaled-1-1536x1536.jpg 1536w, https:\/\/vtest1.college-lapierre.fr\/wp-content\/uploads\/2022\/12\/IMG-0429-1-edited-scaled-1-2048x2048.jpg 2048w\" sizes=\"auto, (max-width: 2560px) 100vw, 2560px\" \/><\/a><\/figure>\n\n\n\n<figure class=\"wp-block-image size-large\"><a href=\"https:\/\/vtest1.college-lapierre.fr\/wp-content\/uploads\/2022\/12\/IMG-0426-2-scaled-1.jpg\"><img decoding=\"async\" src=\"http:\/\/www.college-lapierre.fr\/wp-content\/uploads\/2022\/12\/IMG-0426-2-1024x768.jpg\" alt=\"\" class=\"wp-image-8469\" \/><\/a><figcaption class=\"wp-element-caption\">Ils utilisent des techniques vues en arts plastiques m\u00ealant stylo bic et photomontage. <\/figcaption><\/figure>\n\n\n\n<figure class=\"wp-block-image size-large\"><a href=\"https:\/\/vtest1.college-lapierre.fr\/wp-content\/uploads\/2022\/12\/IMG-0431-1-scaled-1.jpg\"><img decoding=\"async\" src=\"http:\/\/www.college-lapierre.fr\/wp-content\/uploads\/2022\/12\/IMG-0431-1-1024x768.jpg\" alt=\"\" class=\"wp-image-8470\" \/><\/a><figcaption class=\"wp-element-caption\">Mega Mingiedi est un artiste engag\u00e9, il se sert de son art pour d\u00e9noncer la colonisation.<\/figcaption><\/figure>\n","protected":false},"excerpt":{"rendered":"<p>Nous avons \u00e9chang\u00e9 avec lui autour de ses travaux qui m\u00e9langent r\u00e9cits et cartographie. Dans ses oeuvres, l&rsquo;artiste \u00e9voque la guerre li\u00e9e aux fronti\u00e8res, notamment en Afrique. Il nous a racont\u00e9 comment \u00e0 la fin du XIX\u00e8me si\u00e8cle, les fronti\u00e8res ont \u00e9t\u00e9 trac\u00e9es par les Europ\u00e9ens, se partageant ainsi le continent. Les peuples africains n&rsquo;ont&#8230;<\/p>\n<p class=\"more-link-wrap\"><a href=\"https:\/\/vtest1.college-lapierre.fr\/?p=8465\" class=\"more-link\">Read More<span class=\"screen-reader-text\"> &ldquo;Rencontre avec un artiste engag\u00e9 au Mus\u00e9e ethnographique&rdquo;<\/span> &raquo;<\/a><\/p>\n","protected":false},"author":131,"featured_media":0,"comment_status":"closed","ping_status":"open","sticky":false,"template":"","format":"standard","meta":{"footnotes":""},"categories":[11],"tags":[],"class_list":["post-8465","post","type-post","status-publish","format-standard","hentry","category-enseignements"],"_links":{"self":[{"href":"https:\/\/vtest1.college-lapierre.fr\/index.php?rest_route=\/wp\/v2\/posts\/8465","targetHints":{"allow":["GET"]}}],"collection":[{"href":"https:\/\/vtest1.college-lapierre.fr\/index.php?rest_route=\/wp\/v2\/posts"}],"about":[{"href":"https:\/\/vtest1.college-lapierre.fr\/index.php?rest_route=\/wp\/v2\/types\/post"}],"author":[{"embeddable":true,"href":"https:\/\/vtest1.college-lapierre.fr\/index.php?rest_route=\/wp\/v2\/users\/131"}],"replies":[{"embeddable":true,"href":"https:\/\/vtest1.college-lapierre.fr\/index.php?rest_route=%2Fwp%2Fv2%2Fcomments&post=8465"}],"version-history":[{"count":1,"href":"https:\/\/vtest1.college-lapierre.fr\/index.php?rest_route=\/wp\/v2\/posts\/8465\/revisions"}],"predecessor-version":[{"id":9109,"href":"https:\/\/vtest1.college-lapierre.fr\/index.php?rest_route=\/wp\/v2\/posts\/8465\/revisions\/9109"}],"wp:attachment":[{"href":"https:\/\/vtest1.college-lapierre.fr\/index.php?rest_route=%2Fwp%2Fv2%2Fmedia&parent=8465"}],"wp:term":[{"taxonomy":"category","embeddable":true,"href":"https:\/\/vtest1.college-lapierre.fr\/index.php?rest_route=%2Fwp%2Fv2%2Fcategories&post=8465"},{"taxonomy":"post_tag","embeddable":true,"href":"https:\/\/vtest1.college-lapierre.fr\/index.php?rest_route=%2Fwp%2Fv2%2Ftags&post=8465"}],"curies":[{"name":"wp","href":"https:\/\/api.w.org\/{rel}","templated":true}]}}