{"id":8658,"date":"2023-05-16T10:59:13","date_gmt":"2023-05-16T09:59:13","guid":{"rendered":"http:\/\/www.college-lapierre.fr\/?p=8658"},"modified":"2023-11-07T21:31:52","modified_gmt":"2023-11-07T19:31:52","slug":"festiprev-2023-emission-de-radio","status":"publish","type":"post","link":"https:\/\/vtest1.college-lapierre.fr\/?p=8658","title":{"rendered":"FestiPREV 2023 : Emission de radio"},"content":{"rendered":"\n<p>Retrouvez l&rsquo;interview des 5 ACAJOU et 5 IPE sur leur film \u00ab\u00a0de l&rsquo;autre c\u00f4t\u00e9 du mur\u00a0\u00bb.<\/p>\n\n\n\n<p>Emission enregistr\u00e9e lors de FestiPREV le jeudi 11 Mai 2023.<\/p>\n\n\n\n<p>Merci \u00e0 radio coll\u00e8ge !<\/p>\n\n\n\n<p> <a href=\"https:\/\/radiocollege.fr\/2023\/05\/15\/retrospective-festiprev-2023\/\">https:\/\/radiocollege.fr\/2023\/05\/15\/retrospective-festiprev-2023\/<\/a><\/p>\n\n\n\n<p><\/p>\n\n\n\n<p><\/p>\n\n\n\n<figure class=\"wp-block-image size-full\"><a href=\"https:\/\/vtest1.college-lapierre.fr\/wp-content\/uploads\/2023\/05\/230511-FESTIPREV-05-LORMONT-De-lautre-cote-du-mur-e1684105091404-768x418-1.jpg\"><img loading=\"lazy\" decoding=\"async\" width=\"768\" height=\"418\" src=\"https:\/\/vtest1.college-lapierre.fr\/wp-content\/uploads\/2023\/05\/230511-FESTIPREV-05-LORMONT-De-lautre-cote-du-mur-e1684105091404-768x418-1.jpg\" alt=\"\" class=\"wp-image-8660\" srcset=\"https:\/\/vtest1.college-lapierre.fr\/wp-content\/uploads\/2023\/05\/230511-FESTIPREV-05-LORMONT-De-lautre-cote-du-mur-e1684105091404-768x418-1.jpg 768w, https:\/\/vtest1.college-lapierre.fr\/wp-content\/uploads\/2023\/05\/230511-FESTIPREV-05-LORMONT-De-lautre-cote-du-mur-e1684105091404-768x418-1-300x163.jpg 300w\" sizes=\"auto, (max-width: 768px) 100vw, 768px\" \/><\/a><\/figure>\n","protected":false},"excerpt":{"rendered":"<p>Retrouvez l&rsquo;interview des 5 ACAJOU et 5 IPE sur leur film \u00ab\u00a0de l&rsquo;autre c\u00f4t\u00e9 du mur\u00a0\u00bb. Emission enregistr\u00e9e lors de FestiPREV le jeudi 11 Mai 2023. Merci \u00e0 radio coll\u00e8ge ! https:\/\/radiocollege.fr\/2023\/05\/15\/retrospective-festiprev-2023\/<\/p>\n","protected":false},"author":86,"featured_media":0,"comment_status":"closed","ping_status":"open","sticky":false,"template":"","format":"standard","meta":{"footnotes":""},"categories":[40,54,38,11,19],"tags":[],"class_list":["post-8658","post","type-post","status-publish","format-standard","hentry","category-francais","category-projets","category-pedagogie","category-enseignements","category-segpa"],"_links":{"self":[{"href":"https:\/\/vtest1.college-lapierre.fr\/index.php?rest_route=\/wp\/v2\/posts\/8658","targetHints":{"allow":["GET"]}}],"collection":[{"href":"https:\/\/vtest1.college-lapierre.fr\/index.php?rest_route=\/wp\/v2\/posts"}],"about":[{"href":"https:\/\/vtest1.college-lapierre.fr\/index.php?rest_route=\/wp\/v2\/types\/post"}],"author":[{"embeddable":true,"href":"https:\/\/vtest1.college-lapierre.fr\/index.php?rest_route=\/wp\/v2\/users\/86"}],"replies":[{"embeddable":true,"href":"https:\/\/vtest1.college-lapierre.fr\/index.php?rest_route=%2Fwp%2Fv2%2Fcomments&post=8658"}],"version-history":[{"count":1,"href":"https:\/\/vtest1.college-lapierre.fr\/index.php?rest_route=\/wp\/v2\/posts\/8658\/revisions"}],"predecessor-version":[{"id":9092,"href":"https:\/\/vtest1.college-lapierre.fr\/index.php?rest_route=\/wp\/v2\/posts\/8658\/revisions\/9092"}],"wp:attachment":[{"href":"https:\/\/vtest1.college-lapierre.fr\/index.php?rest_route=%2Fwp%2Fv2%2Fmedia&parent=8658"}],"wp:term":[{"taxonomy":"category","embeddable":true,"href":"https:\/\/vtest1.college-lapierre.fr\/index.php?rest_route=%2Fwp%2Fv2%2Fcategories&post=8658"},{"taxonomy":"post_tag","embeddable":true,"href":"https:\/\/vtest1.college-lapierre.fr\/index.php?rest_route=%2Fwp%2Fv2%2Ftags&post=8658"}],"curies":[{"name":"wp","href":"https:\/\/api.w.org\/{rel}","templated":true}]}}