{"id":8758,"date":"2023-06-16T14:37:28","date_gmt":"2023-06-16T13:37:28","guid":{"rendered":"http:\/\/www.college-lapierre.fr\/?p=8758"},"modified":"2023-11-07T21:37:04","modified_gmt":"2023-11-07T19:37:04","slug":"voyage-a-paris-5ipe-5acajou","status":"publish","type":"post","link":"https:\/\/vtest1.college-lapierre.fr\/?p=8758","title":{"rendered":"Journ\u00e9e \u00e0 Paris 5 IPE \/ 5 ACAJOU"},"content":{"rendered":"\n<p>Le jeudi 15 juin, les 5 IPE et 5 ACAJOU ont profit\u00e9 du prix du Public qu&rsquo;ils ont remport\u00e9s gr\u00e2ce \u00e0 leur vid\u00e9o \u00ab\u00a0De l&rsquo;autre c\u00f4t\u00e9 du mur\u00a0\u00bb : une journ\u00e9e \u00e0 Paris avec une d\u00e9couverte des monuments embl\u00e9matiques de la Capitale et une rencontre \u00e0 l&rsquo;Acad\u00e9mie Fran\u00e7aise (Institut de France) avec Monsieur Yves Qu\u00e9r\u00e9 (acad\u00e9miciens des Sciences, co-cr\u00e9ateur de \u00ab\u00a0La Main \u00e0 la p\u00e2te\u00a0\u00bb)<\/p>\n\n\n\n<figure class=\"wp-block-image size-large\"><a href=\"https:\/\/vtest1.college-lapierre.fr\/wp-content\/uploads\/2023\/06\/Photo-Paris-groupe-Tour-Eiffel-scaled-1.jpg\"><img decoding=\"async\" src=\"http:\/\/www.college-lapierre.fr\/wp-content\/uploads\/2023\/06\/Photo-Paris-groupe-Tour-Eiffel-1024x869.jpg\" alt=\"\" class=\"wp-image-8759\"\/><\/a><\/figure>\n\n\n\n<figure class=\"wp-block-image size-large\"><a href=\"https:\/\/vtest1.college-lapierre.fr\/wp-content\/uploads\/2023\/06\/IMG20230615115148-2-scaled-1.jpg\"><img decoding=\"async\" src=\"http:\/\/www.college-lapierre.fr\/wp-content\/uploads\/2023\/06\/IMG20230615115148-2-1024x884.jpg\" alt=\"\" class=\"wp-image-8763\"\/><\/a><\/figure>\n","protected":false},"excerpt":{"rendered":"<p>Le jeudi 15 juin, les 5 IPE et 5 ACAJOU ont profit\u00e9 du prix du Public qu&rsquo;ils ont remport\u00e9s gr\u00e2ce \u00e0 leur vid\u00e9o \u00ab\u00a0De l&rsquo;autre c\u00f4t\u00e9 du mur\u00a0\u00bb : une journ\u00e9e \u00e0 Paris avec une d\u00e9couverte des monuments embl\u00e9matiques de la Capitale et une rencontre \u00e0 l&rsquo;Acad\u00e9mie Fran\u00e7aise (Institut de France) avec Monsieur Yves Qu\u00e9r\u00e9&#8230;<\/p>\n<p class=\"more-link-wrap\"><a href=\"https:\/\/vtest1.college-lapierre.fr\/?p=8758\" class=\"more-link\">Read More<span class=\"screen-reader-text\"> &ldquo;Journ\u00e9e \u00e0 Paris 5 IPE \/ 5 ACAJOU&rdquo;<\/span> &raquo;<\/a><\/p>\n","protected":false},"author":86,"featured_media":0,"comment_status":"closed","ping_status":"open","sticky":false,"template":"","format":"standard","meta":{"footnotes":""},"categories":[40,54,38,19],"tags":[34,35],"class_list":["post-8758","post","type-post","status-publish","format-standard","hentry","category-francais","category-projets","category-pedagogie","category-segpa","tag-5-acajou","tag-paris"],"_links":{"self":[{"href":"https:\/\/vtest1.college-lapierre.fr\/index.php?rest_route=\/wp\/v2\/posts\/8758","targetHints":{"allow":["GET"]}}],"collection":[{"href":"https:\/\/vtest1.college-lapierre.fr\/index.php?rest_route=\/wp\/v2\/posts"}],"about":[{"href":"https:\/\/vtest1.college-lapierre.fr\/index.php?rest_route=\/wp\/v2\/types\/post"}],"author":[{"embeddable":true,"href":"https:\/\/vtest1.college-lapierre.fr\/index.php?rest_route=\/wp\/v2\/users\/86"}],"replies":[{"embeddable":true,"href":"https:\/\/vtest1.college-lapierre.fr\/index.php?rest_route=%2Fwp%2Fv2%2Fcomments&post=8758"}],"version-history":[{"count":1,"href":"https:\/\/vtest1.college-lapierre.fr\/index.php?rest_route=\/wp\/v2\/posts\/8758\/revisions"}],"predecessor-version":[{"id":9091,"href":"https:\/\/vtest1.college-lapierre.fr\/index.php?rest_route=\/wp\/v2\/posts\/8758\/revisions\/9091"}],"wp:attachment":[{"href":"https:\/\/vtest1.college-lapierre.fr\/index.php?rest_route=%2Fwp%2Fv2%2Fmedia&parent=8758"}],"wp:term":[{"taxonomy":"category","embeddable":true,"href":"https:\/\/vtest1.college-lapierre.fr\/index.php?rest_route=%2Fwp%2Fv2%2Fcategories&post=8758"},{"taxonomy":"post_tag","embeddable":true,"href":"https:\/\/vtest1.college-lapierre.fr\/index.php?rest_route=%2Fwp%2Fv2%2Ftags&post=8758"}],"curies":[{"name":"wp","href":"https:\/\/api.w.org\/{rel}","templated":true}]}}