{"id":8810,"date":"2023-06-28T08:55:41","date_gmt":"2023-06-28T06:55:41","guid":{"rendered":"http:\/\/www.college-lapierre.fr\/?p=8810"},"modified":"2023-10-17T13:18:38","modified_gmt":"2023-10-17T11:18:38","slug":"une-journee-musicale-avec-pygmalion","status":"publish","type":"post","link":"https:\/\/vtest1.college-lapierre.fr\/?p=8810","title":{"rendered":"Une journ\u00e9e musicale avec Pygmalion"},"content":{"rendered":"\n<p>Vendredi 22 juin, toutes les classes de sixi\u00e8mes ont eu l&rsquo;opportunit\u00e9 de participer \u00e0 un concert p\u00e9dagogique organis\u00e9 avec les musiciens de l&rsquo;ensemble Pygmalion. <\/p>\n\n\n\n<figure class=\"wp-block-gallery has-nested-images columns-default is-cropped wp-block-gallery-1 is-layout-flex wp-block-gallery-is-layout-flex\">\n<figure class=\"wp-block-image size-large\"><a href=\"https:\/\/vtest1.college-lapierre.fr\/wp-content\/uploads\/2023\/06\/Climax-Fuji-1-scaled-1.jpg\"><img decoding=\"async\" data-id=\"8812\" src=\"http:\/\/www.college-lapierre.fr\/wp-content\/uploads\/2023\/06\/Climax-Fuji-1-1024x768.jpg\" alt=\"\" class=\"wp-image-8812\" \/><\/a><\/figure>\n<\/figure>\n\n\n\n<p>Louis Creac&rsquo;h, Julie Friez (violons), Delphine Blanc (alto) et Gulrim Choi (violoncelle) ont transmis avec passion le r\u00e9pertoire qui les anime, tout en restant p\u00e9dagogues, \u00e0 l&rsquo;image de ce moment o\u00f9 Delphine explique les diff\u00e9rents modes de jeu sur un violon : <\/p>\n\n\n\n<figure class=\"wp-block-video\"><video height=\"1080\" style=\"aspect-ratio: 1920 \/ 1080;\" width=\"1920\" controls src=\"https:\/\/vtest1.college-lapierre.fr\/wp-content\/uploads\/2023\/06\/Violons-mode-de-jeux-2-1.mov\"><\/video><\/figure>\n\n\n\n<p>Les \u00e9l\u00e8ves ont pu saisir la diff\u00e9rence entre jouer \u00ab\u00a0arco\u00a0\u00bb (c&rsquo;est-\u00e0-dire en frottant les cordes avec l&rsquo;archet) et jouer avec des pizzacati (en pin\u00e7ant les cordes avec les doigts) avec ce passage jou\u00e9 deux fois diff\u00e9remment.<\/p>\n\n\n\n<figure class=\"wp-block-video\"><video height=\"1080\" style=\"aspect-ratio: 1920 \/ 1080;\" width=\"1920\" controls src=\"https:\/\/vtest1.college-lapierre.fr\/wp-content\/uploads\/2023\/06\/Meme-passage-2.mov\"><\/video><\/figure>\n\n\n\n<p>Le programme s&rsquo;est av\u00e9r\u00e9 riche : la premi\u00e8re \u0153uvre r\u00e9alis\u00e9e est issue du premier mouvement du <em>Quatuor en ut majeur K. 465<\/em>, surnomm\u00e9 \u00ab\u00a0Les dissonances\u00a0\u00bb, de Mozart. Les \u00e9l\u00e8ves se sont ainsi interrog\u00e9s sur les raisons qui ont pu pousser Mozart \u00e0 faire entendre des dissonances au d\u00e9but de sa pi\u00e8ce, par rapport aux consonances habituellement entendues.<\/p>\n\n\n\n<figure class=\"wp-block-video\"><video height=\"1080\" style=\"aspect-ratio: 1920 \/ 1080;\" width=\"1920\" controls src=\"https:\/\/vtest1.college-lapierre.fr\/wp-content\/uploads\/2023\/06\/Quatuor-des-dissonances-de-Mozart-1.mov\"><\/video><\/figure>\n\n\n\n<p>Puis, un extrait du <em>Quatuor n\u00b012 en ut mineur D. 703<\/em>, surnomm\u00e9 \u00ab\u00a0Quartettsatz\u00a0\u00bb, de Schubert, a fait l&rsquo;objet d&rsquo;une \u00e9coute attentive de la part des \u00e9l\u00e8ves, afin d&rsquo;observer les \u00e9changes m\u00e9lodiques entre les instruments et tous les \u00e9l\u00e9ments participant \u00e0 un vrai dialogue musical. <\/p>\n\n\n\n<figure class=\"wp-block-video\"><video height=\"1080\" style=\"aspect-ratio: 1920 \/ 1080;\" width=\"1920\" controls src=\"https:\/\/vtest1.college-lapierre.fr\/wp-content\/uploads\/2023\/06\/Schubert-2.mov\"><\/video><\/figure>\n\n\n\n<figure class=\"wp-block-video\"><video height=\"1080\" style=\"aspect-ratio: 1920 \/ 1080;\" width=\"1920\" controls src=\"https:\/\/vtest1.college-lapierre.fr\/wp-content\/uploads\/2023\/06\/Schubert-partie-2.mov\"><\/video><\/figure>\n\n\n\n<p>Les \u00e9l\u00e8ves se sont montr\u00e9s attentifs, curieux et les musiciens sont rest\u00e9s, tout au long de la journ\u00e9e, r\u00e9ceptifs malgr\u00e9 les trois concerts avec les classes.<\/p>\n\n\n\n<figure class=\"wp-block-gallery has-nested-images columns-default is-cropped wp-block-gallery-2 is-layout-flex wp-block-gallery-is-layout-flex\">\n<figure class=\"wp-block-image size-large\"><a href=\"https:\/\/vtest1.college-lapierre.fr\/wp-content\/uploads\/2023\/06\/Atlas-Nebo-scaled-1.jpg\"><img decoding=\"async\" data-id=\"8826\" src=\"http:\/\/www.college-lapierre.fr\/wp-content\/uploads\/2023\/06\/Atlas-Nebo-1024x768.jpg\" alt=\"\" class=\"wp-image-8826\" \/><\/a><\/figure>\n<\/figure>\n\n\n\n<figure class=\"wp-block-image size-large\"><a href=\"https:\/\/vtest1.college-lapierre.fr\/wp-content\/uploads\/2023\/06\/IMG-1502-scaled-1.jpg\"><img decoding=\"async\" src=\"http:\/\/www.college-lapierre.fr\/wp-content\/uploads\/2023\/06\/IMG-1502-1024x768.jpg\" alt=\"\" class=\"wp-image-8827\" \/><\/a><\/figure>\n\n\n\n<figure class=\"wp-block-image size-large\"><a href=\"https:\/\/vtest1.college-lapierre.fr\/wp-content\/uploads\/2023\/06\/IMG-1487-1-scaled-1.jpg\"><img decoding=\"async\" src=\"http:\/\/www.college-lapierre.fr\/wp-content\/uploads\/2023\/06\/IMG-1487-1-768x1024.jpg\" alt=\"\" class=\"wp-image-8830\" \/><\/a><\/figure>\n\n\n\n<p>Le soir, les musiciens ont trouv\u00e9 les ressources n\u00e9cessaires pour r\u00e9aliser un concert, ouvert au public, de tr\u00e8s grande qualit\u00e9, \u00e0 l&rsquo;instar de cet extrait du quatri\u00e8me mouvement du <em>Quatuor n\u00b016 en fa majeur op. 135<\/em>, de Beethoven.<\/p>\n\n\n\n<figure class=\"wp-block-video\"><video height=\"1080\" style=\"aspect-ratio: 1920 \/ 1080;\" width=\"1920\" controls src=\"https:\/\/vtest1.college-lapierre.fr\/wp-content\/uploads\/2023\/06\/Beethoven-1.mov\"><\/video><\/figure>\n\n\n\n<p>Le public \u00e9tait unanimement conquis par la belle performance de ces artistes de renom, mais aussi par leur humanit\u00e9, avec des moments d&rsquo;\u00e9change chaleureux \u00e0 la fin du concert..<\/p>\n\n\n\n<p><br><\/p>\n\n\n\n<figure class=\"wp-block-image size-large\"><a href=\"https:\/\/vtest1.college-lapierre.fr\/wp-content\/uploads\/2023\/06\/Echanges-a-la-fin-scaled-1.jpg\"><img decoding=\"async\" src=\"http:\/\/www.college-lapierre.fr\/wp-content\/uploads\/2023\/06\/Echanges-a-la-fin-1024x768.jpg\" alt=\"\" class=\"wp-image-8832\" \/><\/a><\/figure>\n\n\n\n<p>Un grand merci \u00e0 monsieur BRUNET pour son aide dans l&rsquo;organisation de cette journ\u00e9e, \u00e0 L\u00e9a Dao Van (charg\u00e9e des actions p\u00e9dagogiques de l&rsquo;ensemble Pygmalion) et f\u00e9licitations, une nouvelle fois, aux artistes.<\/p>\n","protected":false},"excerpt":{"rendered":"<p>Vendredi 22 juin, toutes les classes de sixi\u00e8mes ont eu l&rsquo;opportunit\u00e9 de participer \u00e0 un concert p\u00e9dagogique organis\u00e9 avec les musiciens de l&rsquo;ensemble Pygmalion. Louis Creac&rsquo;h, Julie Friez (violons), Delphine Blanc (alto) et Gulrim Choi (violoncelle) ont transmis avec passion le r\u00e9pertoire qui les anime, tout en restant p\u00e9dagogues, \u00e0 l&rsquo;image de ce moment o\u00f9&#8230;<\/p>\n<p class=\"more-link-wrap\"><a href=\"https:\/\/vtest1.college-lapierre.fr\/?p=8810\" class=\"more-link\">Read More<span class=\"screen-reader-text\"> &ldquo;Une journ\u00e9e musicale avec Pygmalion&rdquo;<\/span> &raquo;<\/a><\/p>\n","protected":false},"author":108,"featured_media":0,"comment_status":"closed","ping_status":"open","sticky":false,"template":"","format":"standard","meta":{"footnotes":""},"categories":[39,38],"tags":[],"class_list":["post-8810","post","type-post","status-publish","format-standard","hentry","category-education-artistique","category-pedagogie"],"_links":{"self":[{"href":"https:\/\/vtest1.college-lapierre.fr\/index.php?rest_route=\/wp\/v2\/posts\/8810","targetHints":{"allow":["GET"]}}],"collection":[{"href":"https:\/\/vtest1.college-lapierre.fr\/index.php?rest_route=\/wp\/v2\/posts"}],"about":[{"href":"https:\/\/vtest1.college-lapierre.fr\/index.php?rest_route=\/wp\/v2\/types\/post"}],"author":[{"embeddable":true,"href":"https:\/\/vtest1.college-lapierre.fr\/index.php?rest_route=\/wp\/v2\/users\/108"}],"replies":[{"embeddable":true,"href":"https:\/\/vtest1.college-lapierre.fr\/index.php?rest_route=%2Fwp%2Fv2%2Fcomments&post=8810"}],"version-history":[{"count":1,"href":"https:\/\/vtest1.college-lapierre.fr\/index.php?rest_route=\/wp\/v2\/posts\/8810\/revisions"}],"predecessor-version":[{"id":9079,"href":"https:\/\/vtest1.college-lapierre.fr\/index.php?rest_route=\/wp\/v2\/posts\/8810\/revisions\/9079"}],"wp:attachment":[{"href":"https:\/\/vtest1.college-lapierre.fr\/index.php?rest_route=%2Fwp%2Fv2%2Fmedia&parent=8810"}],"wp:term":[{"taxonomy":"category","embeddable":true,"href":"https:\/\/vtest1.college-lapierre.fr\/index.php?rest_route=%2Fwp%2Fv2%2Fcategories&post=8810"},{"taxonomy":"post_tag","embeddable":true,"href":"https:\/\/vtest1.college-lapierre.fr\/index.php?rest_route=%2Fwp%2Fv2%2Ftags&post=8810"}],"curies":[{"name":"wp","href":"https:\/\/api.w.org\/{rel}","templated":true}]}}