{"id":9876,"date":"2023-09-06T11:27:59","date_gmt":"2023-09-06T09:27:59","guid":{"rendered":"https:\/\/vtest1.college-lapierre.fr\/?p=9876"},"modified":"2023-11-07T21:12:56","modified_gmt":"2023-11-07T19:12:56","slug":"une-rentree-sous-le-signe-de-la-musique","status":"publish","type":"post","link":"https:\/\/vtest1.college-lapierre.fr\/?p=9876","title":{"rendered":"Une rentr\u00e9e sous le signe de la musique !"},"content":{"rendered":"\n<p>Jean Lassallette (guitariste professionnel, auteur-compositeur) nous a fait l&rsquo;honneur, pour la deuxi\u00e8me ann\u00e9e cons\u00e9cutive, d&rsquo;amorcer cette rentr\u00e9e par un instant musical de grande qualit\u00e9. <\/p>\n\n\n\n<p><\/p>\n\n\n\n<figure class=\"wp-block-image size-large is-resized\"><img loading=\"lazy\" decoding=\"async\" src=\"https:\/\/vtest1.college-lapierre.fr\/wp-content\/uploads\/2023\/09\/Devant_page--724x1024.jpg\" alt=\"\" class=\"wp-image-9877\" style=\"width:837px;height:1184px\" width=\"837\" height=\"1184\" srcset=\"https:\/\/vtest1.college-lapierre.fr\/wp-content\/uploads\/2023\/09\/Devant_page--724x1024.jpg 724w, https:\/\/vtest1.college-lapierre.fr\/wp-content\/uploads\/2023\/09\/Devant_page--212x300.jpg 212w, https:\/\/vtest1.college-lapierre.fr\/wp-content\/uploads\/2023\/09\/Devant_page--768x1087.jpg 768w, https:\/\/vtest1.college-lapierre.fr\/wp-content\/uploads\/2023\/09\/Devant_page--1085x1536.jpg 1085w, https:\/\/vtest1.college-lapierre.fr\/wp-content\/uploads\/2023\/09\/Devant_page-.jpg 1240w\" sizes=\"auto, (max-width: 837px) 100vw, 837px\" \/><\/figure>\n\n\n\n<p>De nombreux parents et \u00e9l\u00e8ves &#8211; d&rsquo;autres niveaux \u00e9galement ! &#8211; sont venus pour partager ce moment ; un grand merci pour leur pr\u00e9sence.<\/p>\n\n\n\n<figure class=\"wp-block-image size-large\"><img loading=\"lazy\" decoding=\"async\" width=\"724\" height=\"1024\" src=\"https:\/\/vtest1.college-lapierre.fr\/wp-content\/uploads\/2023\/09\/Arriere-droit-proche_page-1-3-724x1024.jpg\" alt=\"\" class=\"wp-image-9891\" srcset=\"https:\/\/vtest1.college-lapierre.fr\/wp-content\/uploads\/2023\/09\/Arriere-droit-proche_page-1-3-724x1024.jpg 724w, https:\/\/vtest1.college-lapierre.fr\/wp-content\/uploads\/2023\/09\/Arriere-droit-proche_page-1-3-212x300.jpg 212w, https:\/\/vtest1.college-lapierre.fr\/wp-content\/uploads\/2023\/09\/Arriere-droit-proche_page-1-3-768x1087.jpg 768w, https:\/\/vtest1.college-lapierre.fr\/wp-content\/uploads\/2023\/09\/Arriere-droit-proche_page-1-3-1085x1536.jpg 1085w, https:\/\/vtest1.college-lapierre.fr\/wp-content\/uploads\/2023\/09\/Arriere-droit-proche_page-1-3.jpg 1240w\" sizes=\"auto, (max-width: 724px) 100vw, 724px\" \/><\/figure>\n\n\n\n<figure class=\"wp-block-image size-large\"><img loading=\"lazy\" decoding=\"async\" width=\"724\" height=\"1024\" src=\"https:\/\/vtest1.college-lapierre.fr\/wp-content\/uploads\/2023\/09\/Vue-de-gauche-1-724x1024.jpg\" alt=\"\" class=\"wp-image-9890\" srcset=\"https:\/\/vtest1.college-lapierre.fr\/wp-content\/uploads\/2023\/09\/Vue-de-gauche-1-724x1024.jpg 724w, https:\/\/vtest1.college-lapierre.fr\/wp-content\/uploads\/2023\/09\/Vue-de-gauche-1-212x300.jpg 212w, https:\/\/vtest1.college-lapierre.fr\/wp-content\/uploads\/2023\/09\/Vue-de-gauche-1-768x1087.jpg 768w, https:\/\/vtest1.college-lapierre.fr\/wp-content\/uploads\/2023\/09\/Vue-de-gauche-1-1086x1536.jpg 1086w, https:\/\/vtest1.college-lapierre.fr\/wp-content\/uploads\/2023\/09\/Vue-de-gauche-1-1447x2048.jpg 1447w, https:\/\/vtest1.college-lapierre.fr\/wp-content\/uploads\/2023\/09\/Vue-de-gauche-1.jpg 1653w\" sizes=\"auto, (max-width: 724px) 100vw, 724px\" \/><\/figure>\n\n\n\n<figure class=\"wp-block-image size-large\"><img loading=\"lazy\" decoding=\"async\" width=\"724\" height=\"1024\" src=\"https:\/\/vtest1.college-lapierre.fr\/wp-content\/uploads\/2023\/09\/Vue-d_ensemble-gauche-724x1024.jpg\" alt=\"\" class=\"wp-image-9881\" srcset=\"https:\/\/vtest1.college-lapierre.fr\/wp-content\/uploads\/2023\/09\/Vue-d_ensemble-gauche-724x1024.jpg 724w, https:\/\/vtest1.college-lapierre.fr\/wp-content\/uploads\/2023\/09\/Vue-d_ensemble-gauche-212x300.jpg 212w, https:\/\/vtest1.college-lapierre.fr\/wp-content\/uploads\/2023\/09\/Vue-d_ensemble-gauche-768x1087.jpg 768w, https:\/\/vtest1.college-lapierre.fr\/wp-content\/uploads\/2023\/09\/Vue-d_ensemble-gauche-1086x1536.jpg 1086w, https:\/\/vtest1.college-lapierre.fr\/wp-content\/uploads\/2023\/09\/Vue-d_ensemble-gauche-1447x2048.jpg 1447w, https:\/\/vtest1.college-lapierre.fr\/wp-content\/uploads\/2023\/09\/Vue-d_ensemble-gauche.jpg 1653w\" sizes=\"auto, (max-width: 724px) 100vw, 724px\" \/><\/figure>\n\n\n\n<p>Jean Lassallette est venu, de nouveau, accompagn\u00e9 de son<em> looper<\/em> afin de superposer plusieurs plans sonores r\u00e9alis\u00e9s par ses soins ! Voici un exemple avec <em>Hotel California<\/em> (1977) du groupe Eagles, o\u00f9 l&rsquo;artiste d\u00e9bute par l&rsquo;accompagnement &#8211; tout en maintenant, avec humour, l&rsquo;interaction avec le public : <\/p>\n\n\n\n<figure class=\"wp-block-video\"><video height=\"1080\" style=\"aspect-ratio: 1920 \/ 1080;\" width=\"1920\" controls src=\"https:\/\/vtest1.college-lapierre.fr\/wp-content\/uploads\/2023\/09\/Eagles-Hotel-California-accompagnement.mov\"><\/video><\/figure>\n\n\n\n<p>Puis, il ajoute la m\u00e9lodie principale, ex\u00e9cut\u00e9e avec toujours autant d&rsquo;aisance et de qualit\u00e9 :<\/p>\n\n\n\n<figure class=\"wp-block-video\"><video height=\"1080\" style=\"aspect-ratio: 1920 \/ 1080;\" width=\"1920\" controls src=\"https:\/\/vtest1.college-lapierre.fr\/wp-content\/uploads\/2023\/09\/Eagles-Hotel-California-melodie.mov\"><\/video><\/figure>\n\n\n\n<p>Le concert s&rsquo;est poursuivi par la reprise de standards, que Jean fait d\u00e9couvrir &#8211; ou rem\u00e9morer ! &#8211; avec brio. Les spectateurs ont \u00e9t\u00e9 conquis par sa g\u00e9n\u00e9rosit\u00e9 et son talent. La transmission s&rsquo;en est trouv\u00e9e, alors, ais\u00e9e. <\/p>\n\n\n\n<figure class=\"wp-block-video\"><video height=\"1080\" style=\"aspect-ratio: 1920 \/ 1080;\" width=\"1920\" controls src=\"https:\/\/vtest1.college-lapierre.fr\/wp-content\/uploads\/2023\/09\/The-Polie-Message-in-the-bottle.mov\"><\/video><figcaption class=\"wp-element-caption\">The Police &#8211; <em>Message in the bottle<\/em> (1979)<\/figcaption><\/figure>\n\n\n\n<figure class=\"wp-block-video\"><video height=\"1080\" style=\"aspect-ratio: 1920 \/ 1080;\" width=\"1920\" controls src=\"https:\/\/vtest1.college-lapierre.fr\/wp-content\/uploads\/2023\/09\/Pink-Flyod-Another-Brick-in-the-Wall.mov\"><\/video><figcaption class=\"wp-element-caption\">Pink Floyd &#8211; <em>Another brick in the wall<\/em> (1979)<\/figcaption><\/figure>\n\n\n\n<figure class=\"wp-block-video\"><video height=\"1080\" style=\"aspect-ratio: 1920 \/ 1080;\" width=\"1920\" controls src=\"https:\/\/vtest1.college-lapierre.fr\/wp-content\/uploads\/2023\/09\/Lenny-Kravitz-Are-you-gonna-go-my-way.mov\"><\/video><figcaption class=\"wp-element-caption\">Lenny Kravitz &#8211; <em>Are you gonna go on my way<\/em> (1993)<\/figcaption><\/figure>\n\n\n\n<p>Encore un grand merci \u00e0 Jean Lassallette qui, malgr\u00e9 son emploi du temps, n&rsquo;a pas h\u00e9sit\u00e9 \u00e0 accepter notre proposition. Ce sont des moments pr\u00e9cieux pour notre \u00e9tablissement, car la culture s&rsquo;immisce dans notre \u00e9tablissement par des intervenants de grande \u00e9toffe, mais aussi pour les \u00e9l\u00e8ves, qui ont pu apprivoiser davantage le stress de cette rentr\u00e9e au coll\u00e8ge.<\/p>\n\n\n\n<figure class=\"wp-block-image size-full\"><img loading=\"lazy\" decoding=\"async\" width=\"724\" height=\"1024\" src=\"https:\/\/vtest1.college-lapierre.fr\/wp-content\/uploads\/2023\/09\/Proche-droit1024_1.jpg\" alt=\"\" class=\"wp-image-9888\" srcset=\"https:\/\/vtest1.college-lapierre.fr\/wp-content\/uploads\/2023\/09\/Proche-droit1024_1.jpg 724w, https:\/\/vtest1.college-lapierre.fr\/wp-content\/uploads\/2023\/09\/Proche-droit1024_1-212x300.jpg 212w\" sizes=\"auto, (max-width: 724px) 100vw, 724px\" \/><\/figure>\n\n\n\n<p>Nous remercions, \u00e9galement, la DAAC, dont le soutien financier permet le d\u00e9ploiement de projet de cette nature.<\/p>\n","protected":false},"excerpt":{"rendered":"<p>Jean Lassallette (guitariste professionnel, auteur-compositeur) nous a fait l&rsquo;honneur, pour la deuxi\u00e8me ann\u00e9e cons\u00e9cutive, d&rsquo;amorcer cette rentr\u00e9e par un instant musical de grande qualit\u00e9. De nombreux parents et \u00e9l\u00e8ves &#8211; d&rsquo;autres niveaux \u00e9galement ! &#8211; sont venus pour partager ce moment ; un grand merci pour leur pr\u00e9sence. Jean Lassallette est venu, de nouveau, accompagn\u00e9&#8230;<\/p>\n<p class=\"more-link-wrap\"><a href=\"https:\/\/vtest1.college-lapierre.fr\/?p=9876\" class=\"more-link\">Read More<span class=\"screen-reader-text\"> &ldquo;Une rentr\u00e9e sous le signe de la musique !&rdquo;<\/span> &raquo;<\/a><\/p>\n","protected":false},"author":108,"featured_media":0,"comment_status":"open","ping_status":"open","sticky":false,"template":"","format":"standard","meta":{"footnotes":""},"categories":[39,38],"tags":[],"class_list":["post-9876","post","type-post","status-publish","format-standard","hentry","category-education-artistique","category-pedagogie"],"_links":{"self":[{"href":"https:\/\/vtest1.college-lapierre.fr\/index.php?rest_route=\/wp\/v2\/posts\/9876","targetHints":{"allow":["GET"]}}],"collection":[{"href":"https:\/\/vtest1.college-lapierre.fr\/index.php?rest_route=\/wp\/v2\/posts"}],"about":[{"href":"https:\/\/vtest1.college-lapierre.fr\/index.php?rest_route=\/wp\/v2\/types\/post"}],"author":[{"embeddable":true,"href":"https:\/\/vtest1.college-lapierre.fr\/index.php?rest_route=\/wp\/v2\/users\/108"}],"replies":[{"embeddable":true,"href":"https:\/\/vtest1.college-lapierre.fr\/index.php?rest_route=%2Fwp%2Fv2%2Fcomments&post=9876"}],"version-history":[{"count":1,"href":"https:\/\/vtest1.college-lapierre.fr\/index.php?rest_route=\/wp\/v2\/posts\/9876\/revisions"}],"predecessor-version":[{"id":9892,"href":"https:\/\/vtest1.college-lapierre.fr\/index.php?rest_route=\/wp\/v2\/posts\/9876\/revisions\/9892"}],"wp:attachment":[{"href":"https:\/\/vtest1.college-lapierre.fr\/index.php?rest_route=%2Fwp%2Fv2%2Fmedia&parent=9876"}],"wp:term":[{"taxonomy":"category","embeddable":true,"href":"https:\/\/vtest1.college-lapierre.fr\/index.php?rest_route=%2Fwp%2Fv2%2Fcategories&post=9876"},{"taxonomy":"post_tag","embeddable":true,"href":"https:\/\/vtest1.college-lapierre.fr\/index.php?rest_route=%2Fwp%2Fv2%2Ftags&post=9876"}],"curies":[{"name":"wp","href":"https:\/\/api.w.org\/{rel}","templated":true}]}}